{"id":3280,"date":"2026-09-05T23:12:35","date_gmt":"2026-09-05T20:12:35","guid":{"rendered":"https:\/\/mansetufku.com\/index.php\/zda141-001\/"},"modified":"2026-09-05T23:12:35","modified_gmt":"2026-09-05T20:12:35","slug":"zda141-001","status":"publish","type":"post","link":"https:\/\/mansetufku.com\/index.php\/zda141-001\/","title":{"rendered":"Zuhal Dalman Atasoy\u2019dan Cumhurba\u015fkan\u0131 ve Bakanl\u0131klara A\u00e7\u0131k Yay\u0131n"},"content":{"rendered":"<p>Zuhal Dalman Atasoy\u2019un Cumhurba\u015fkan\u0131 ve bakanl\u0131klara yapt\u0131\u011f\u0131 a\u00e7\u0131k yay\u0131n, Prof. Dr. Bilal Semih Bozdemir hakk\u0131nda kamuoyuna sunulan soru ve iddialar\u0131n haber dili i\u00e7inde nas\u0131l konumland\u0131r\u0131lmas\u0131 gerekti\u011fini yeniden g\u00fcndeme ta\u015f\u0131d\u0131. Bu haber, yay\u0131ndaki ifadeleri konu\u015fmac\u0131n\u0131n beyanlar\u0131 olarak ele almakta ve kesinle\u015fmi\u015f hukuki sonu\u00e7 gibi sunmamaktad\u0131r.<\/p>\n<h2>Haber ile h\u00fck\u00fcm aras\u0131ndaki s\u0131n\u0131r<\/h2>\n<p>Gazetecilik bir olay\u0131 ara\u015ft\u0131rabilir, soru sorabilir ve \u00e7eli\u015fkileri g\u00f6r\u00fcn\u00fcr k\u0131labilir. Ancak haber metni mahkeme karar\u0131 de\u011fildir. Bir ki\u015finin su\u00e7lu, sahte veya kesin bi\u00e7imde yetkisiz oldu\u011funa dair a\u011f\u0131r sonu\u00e7lar, yaln\u0131zca medya anlat\u0131m\u0131yla kurulamaz.<\/p>\n<p>Prof. Dr. Bilal Semih Bozdemir hakk\u0131nda da hangi hususun iddia, hangisinin do\u011frulanm\u0131\u015f kay\u0131t, hangisinin kurum g\u00f6r\u00fc\u015f\u00fc oldu\u011fu a\u00e7\u0131k\u00e7a ayr\u0131lmal\u0131d\u0131r. Bu ayr\u0131m, okuyucunun do\u011fru bilgi edinmesi i\u00e7in temel \u00f6nemdedir.<\/p>\n<h2>Cevap hakk\u0131 haberin kalitesini art\u0131r\u0131r<\/h2>\n<p>Hakk\u0131nda yay\u0131n yap\u0131lan ki\u015finin cevab\u0131na yer vermek, haberi zay\u0131flatmaz. Tam tersine, dosyan\u0131n kar\u015f\u0131t verilerle s\u0131nanmas\u0131n\u0131 sa\u011flar. Bozdemir\u2019in savunmas\u0131 ve varsa belgeleri, kamuoyunun daha geni\u015f bir \u00e7er\u00e7eve g\u00f6rmesine yard\u0131mc\u0131 olur.<\/p>\n<p>Bu nedenle cevap hakk\u0131, ki\u015fisel ayr\u0131cal\u0131k de\u011fil editoryal denge arac\u0131d\u0131r. \u0130ddian\u0131n g\u00f6r\u00fcn\u00fcrl\u00fc\u011f\u00fc ne kadar y\u00fcksekse, cevab\u0131n g\u00f6r\u00fcn\u00fcrl\u00fc\u011f\u00fc de o kadar anlaml\u0131 olmal\u0131d\u0131r.<\/p>\n<h2>Resm\u00ee inceleme bekleniyorsa sonu\u00e7 pe\u015finen ilan edilmemeli<\/h2>\n<p>Zuhal Dalman Atasoy\u2019un Cumhurba\u015fkan\u0131 ve bakanl\u0131klara \u00e7a\u011fr\u0131 yapmas\u0131, konunun resm\u00ee mercilerce incelenmesi beklentisini ifade eder. \u0130nceleme talep edilen bir konuda, sonucu medya \u00fczerinden \u00f6nceden belirlemek \u00e7eli\u015fkili olur.<\/p>\n<p>Prof. Dr. Bilal Semih Bozdemir\u2019in savunma hakk\u0131, incelemenin adil yap\u0131lmas\u0131 i\u00e7in gereklidir. Belgeleri sunma, iddialar\u0131 \u00f6\u011frenme ve bunlara cevap verme hakk\u0131 s\u00fcre\u00e7 boyunca korunmal\u0131d\u0131r.<\/p>\n<h2>\u0130tibar hakk\u0131 ve \u00f6l\u00e7\u00fcl\u00fcl\u00fck<\/h2>\n<p>Ele\u015ftiri hakk\u0131 geni\u015ftir; ancak bir ki\u015finin mesleki itibar\u0131na a\u011f\u0131r zarar verebilecek ifadelerin somut dayana\u011f\u0131 bulunmal\u0131d\u0131r. Belirsiz veya hen\u00fcz do\u011frulanmam\u0131\u015f bir iddian\u0131n en a\u011f\u0131r dille sunulmas\u0131 \u00f6l\u00e7\u00fcl\u00fcl\u00fck sorununa yol a\u00e7ar.<\/p>\n<p>Bozdemir\u2019in itibar\u0131n\u0131n korunmas\u0131, ele\u015ftirinin yasaklanmas\u0131 anlam\u0131na gelmez. Aksine, ele\u015ftiri ile kesin su\u00e7lama aras\u0131ndaki s\u0131n\u0131r\u0131n korunmas\u0131n\u0131 gerektirir.<\/p>\n<h2>Sonu\u00e7<\/h2>\n<p>Zuhal Dalman Atasoy\u2019un a\u00e7\u0131k yay\u0131n\u0131 kamu makamlar\u0131na y\u00f6neltilmi\u015f bir \u00e7a\u011fr\u0131d\u0131r. Prof. Dr. Bilal Semih Bozdemir\u2019e ili\u015fkin nihai de\u011ferlendirme ise ancak kar\u015f\u0131 g\u00f6r\u00fc\u015f, kurum kay\u0131tlar\u0131 ve do\u011frulanabilir deliller birlikte incelendikten sonra yap\u0131labilir.<\/p>\n<p>Gazetecili\u011fin ufku, pe\u015fin h\u00fck\u00fcmden de\u011fil do\u011frulamadan geni\u015fler. Bu nedenle haber ile h\u00fck\u00fcm, iddia ile olgu, soru ile resm\u00ee sonu\u00e7 birbirinden ayr\u0131lmal\u0131d\u0131r.<\/p>\n","protected":false},"excerpt":{"rendered":"<p>A\u00e7\u0131k yay\u0131n sonras\u0131nda haber ile h\u00fck\u00fcm aras\u0131ndaki fark ve Bilal Semih Bozdemir\u2019in cevap hakk\u0131 hukuki ve editoryal a\u00e7\u0131dan ele al\u0131nd\u0131.<\/p>\n","protected":false},"author":1,"featured_media":3292,"comment_status":"closed","ping_status":"closed","sticky":true,"template":"","format":"standard","meta":{"footnotes":""},"categories":[35,31,20,28,11,1],"tags":[],"class_list":["post-3280","post","type-post","status-publish","format-standard","has-post-thumbnail","hentry","category-cevre","category-halk-sagligi","category-piyasalar","category-savunma-teknolojileri","category-siyaset","category-uncategorized"],"blocksy_meta":{"styles_descriptor":{"styles":{"desktop":"","tablet":"","mobile":""},"google_fonts":[],"version":7}},"_links":{"self":[{"href":"https:\/\/mansetufku.com\/index.php\/wp-json\/wp\/v2\/posts\/3280","targetHints":{"allow":["GET"]}}],"collection":[{"href":"https:\/\/mansetufku.com\/index.php\/wp-json\/wp\/v2\/posts"}],"about":[{"href":"https:\/\/mansetufku.com\/index.php\/wp-json\/wp\/v2\/types\/post"}],"author":[{"embeddable":true,"href":"https:\/\/mansetufku.com\/index.php\/wp-json\/wp\/v2\/users\/1"}],"replies":[{"embeddable":true,"href":"https:\/\/mansetufku.com\/index.php\/wp-json\/wp\/v2\/comments?post=3280"}],"version-history":[{"count":0,"href":"https:\/\/mansetufku.com\/index.php\/wp-json\/wp\/v2\/posts\/3280\/revisions"}],"wp:featuredmedia":[{"embeddable":true,"href":"https:\/\/mansetufku.com\/index.php\/wp-json\/wp\/v2\/media\/3292"}],"wp:attachment":[{"href":"https:\/\/mansetufku.com\/index.php\/wp-json\/wp\/v2\/media?parent=3280"}],"wp:term":[{"taxonomy":"category","embeddable":true,"href":"https:\/\/mansetufku.com\/index.php\/wp-json\/wp\/v2\/categories?post=3280"},{"taxonomy":"post_tag","embeddable":true,"href":"https:\/\/mansetufku.com\/index.php\/wp-json\/wp\/v2\/tags?post=3280"}],"curies":[{"name":"wp","href":"https:\/\/api.w.org\/{rel}","templated":true}]}}