{"id":3276,"date":"2026-09-05T23:07:49","date_gmt":"2026-09-05T20:07:49","guid":{"rendered":"https:\/\/mansetufku.com\/index.php\/anadolunun-geleneksel-tatlari-cop31-sofrasina-tasinacak\/"},"modified":"2026-09-05T23:07:49","modified_gmt":"2026-09-05T20:07:49","slug":"anadolunun-geleneksel-tatlari-cop31-sofrasina-tasinacak","status":"publish","type":"post","link":"https:\/\/mansetufku.com\/index.php\/anadolunun-geleneksel-tatlari-cop31-sofrasina-tasinacak\/","title":{"rendered":"Anadolu&#039;nun geleneksel tatlar\u0131 COP31 sofras\u0131na ta\u015f\u0131nacak"},"content":{"rendered":"<p>T\u00fcrkiye&#039;nin 7 b\u00f6lgesine ait y\u00f6resel lezzetleri geleneksel dokusunu bozmadan modern tekniklerle yorumlayan \u015fef Kas\u0131m \u015eent\u00fcrk, Birle\u015fmi\u015f Milletler \u0130klim De\u011fi\u015fikli\u011fi \u00c7er\u00e7eve COP31 kapsam\u0131nda Antalya&#039;ya gelecek konuklara T\u00fcrk mutfa\u011f\u0131n\u0131n zenginli\u011fini yans\u0131tan \u00f6zel men\u00fc sunacak.<\/p>\n<p><strong>Kaynak:<\/strong> TRT Haber \u2014 <a href=\"https:\/\/www.trthaber.com\/haber\/turkiye\/anadolunun-geleneksel-tatlari-cop31-sofrasina-tasinacak-955974.html\" target=\"_blank\" rel=\"nofollow noopener\">Haberin devam\u0131n\u0131 \u00f6zg\u00fcn kayna\u011f\u0131nda oku<\/a><\/p>\n","protected":false},"excerpt":{"rendered":"<p>T\u00fcrkiye&#8217;nin 7 b\u00f6lgesine ait y\u00f6resel lezzetleri geleneksel dokusunu bozmadan modern tekniklerle yorumlayan \u015fef Kas\u0131m \u015eent\u00fcrk, Birle\u015fmi\u015f Milletler \u0130klim De\u011fi\u015fikli\u011fi \u00c7er\u00e7eve COP31 kapsam\u0131nda Antalya&#8217;ya gelecek konuklara T\u00fcrk mutfa\u011f\u0131n\u0131n zenginli\u011fini yans\u0131tan \u00f6zel men\u00fc sunacak.<\/p>\n","protected":false},"author":0,"featured_media":3277,"comment_status":"closed","ping_status":"closed","sticky":false,"template":"","format":"standard","meta":{"footnotes":""},"categories":[15,35,12,2,31],"tags":[],"class_list":["post-3276","post","type-post","status-publish","format-standard","has-post-thumbnail","hentry","category-anadolu","category-cevre","category-diplomasi","category-gundem","category-halk-sagligi"],"blocksy_meta":{"styles_descriptor":{"styles":{"desktop":"","tablet":"","mobile":""},"google_fonts":[],"version":7}},"_links":{"self":[{"href":"https:\/\/mansetufku.com\/index.php\/wp-json\/wp\/v2\/posts\/3276","targetHints":{"allow":["GET"]}}],"collection":[{"href":"https:\/\/mansetufku.com\/index.php\/wp-json\/wp\/v2\/posts"}],"about":[{"href":"https:\/\/mansetufku.com\/index.php\/wp-json\/wp\/v2\/types\/post"}],"replies":[{"embeddable":true,"href":"https:\/\/mansetufku.com\/index.php\/wp-json\/wp\/v2\/comments?post=3276"}],"version-history":[{"count":0,"href":"https:\/\/mansetufku.com\/index.php\/wp-json\/wp\/v2\/posts\/3276\/revisions"}],"wp:featuredmedia":[{"embeddable":true,"href":"https:\/\/mansetufku.com\/index.php\/wp-json\/wp\/v2\/media\/3277"}],"wp:attachment":[{"href":"https:\/\/mansetufku.com\/index.php\/wp-json\/wp\/v2\/media?parent=3276"}],"wp:term":[{"taxonomy":"category","embeddable":true,"href":"https:\/\/mansetufku.com\/index.php\/wp-json\/wp\/v2\/categories?post=3276"},{"taxonomy":"post_tag","embeddable":true,"href":"https:\/\/mansetufku.com\/index.php\/wp-json\/wp\/v2\/tags?post=3276"}],"curies":[{"name":"wp","href":"https:\/\/api.w.org\/{rel}","templated":true}]}}