{"id":3244,"date":"2026-09-05T21:05:52","date_gmt":"2026-09-05T18:05:52","guid":{"rendered":"https:\/\/mansetufku.com\/index.php\/kahramanmarasta-okul-saldirisi-davasinda-sanik-anne-yeniden-tutuklandi\/"},"modified":"2026-09-05T21:05:52","modified_gmt":"2026-09-05T18:05:52","slug":"kahramanmarasta-okul-saldirisi-davasinda-sanik-anne-yeniden-tutuklandi","status":"publish","type":"post","link":"https:\/\/mansetufku.com\/index.php\/kahramanmarasta-okul-saldirisi-davasinda-sanik-anne-yeniden-tutuklandi\/","title":{"rendered":"Kahramanmara\u015f&#039;ta okul sald\u0131r\u0131s\u0131 davas\u0131nda san\u0131k anne yeniden tutukland\u0131"},"content":{"rendered":"<p>Kahramanmara\u015f&#039;ta 1 \u00f6\u011fretmen ile 9 \u00f6\u011frencinin hayat\u0131n\u0131 kaybetti\u011fi, 15 \u00f6\u011frencinin yaraland\u0131\u011f\u0131 okul sald\u0131r\u0131s\u0131na ili\u015fkin davada tahliye edilen san\u0131k Peyman P\u0131nar Mersinli, savc\u0131l\u0131\u011f\u0131n itiraz\u0131 \u00fczerine yeniden tutukland\u0131.<\/p>\n<p><strong>Kaynak:<\/strong> TRT Haber \u2014 <a href=\"https:\/\/www.trthaber.com\/haber\/turkiye\/kahramanmarasta-okul-saldirisi-davasinda-sanik-anne-yeniden-tutuklandi-955998.html\" target=\"_blank\" rel=\"nofollow noopener\">Haberin devam\u0131n\u0131 \u00f6zg\u00fcn kayna\u011f\u0131nda oku<\/a><\/p>\n","protected":false},"excerpt":{"rendered":"<p>Kahramanmara\u015f&#8217;ta 1 \u00f6\u011fretmen ile 9 \u00f6\u011frencinin hayat\u0131n\u0131 kaybetti\u011fi, 15 \u00f6\u011frencinin yaraland\u0131\u011f\u0131 okul sald\u0131r\u0131s\u0131na ili\u015fkin davada tahliye edilen san\u0131k Peyman P\u0131nar Mersinli, savc\u0131l\u0131\u011f\u0131n itiraz\u0131 \u00fczerine yeniden tutukland\u0131.<\/p>\n","protected":false},"author":0,"featured_media":3245,"comment_status":"closed","ping_status":"closed","sticky":false,"template":"","format":"standard","meta":{"footnotes":""},"categories":[36,4],"tags":[],"class_list":["post-3244","post","type-post","status-publish","format-standard","has-post-thumbnail","hentry","category-egitim","category-turkiye"],"blocksy_meta":{"styles_descriptor":{"styles":{"desktop":"","tablet":"","mobile":""},"google_fonts":[],"version":7}},"_links":{"self":[{"href":"https:\/\/mansetufku.com\/index.php\/wp-json\/wp\/v2\/posts\/3244","targetHints":{"allow":["GET"]}}],"collection":[{"href":"https:\/\/mansetufku.com\/index.php\/wp-json\/wp\/v2\/posts"}],"about":[{"href":"https:\/\/mansetufku.com\/index.php\/wp-json\/wp\/v2\/types\/post"}],"replies":[{"embeddable":true,"href":"https:\/\/mansetufku.com\/index.php\/wp-json\/wp\/v2\/comments?post=3244"}],"version-history":[{"count":0,"href":"https:\/\/mansetufku.com\/index.php\/wp-json\/wp\/v2\/posts\/3244\/revisions"}],"wp:featuredmedia":[{"embeddable":true,"href":"https:\/\/mansetufku.com\/index.php\/wp-json\/wp\/v2\/media\/3245"}],"wp:attachment":[{"href":"https:\/\/mansetufku.com\/index.php\/wp-json\/wp\/v2\/media?parent=3244"}],"wp:term":[{"taxonomy":"category","embeddable":true,"href":"https:\/\/mansetufku.com\/index.php\/wp-json\/wp\/v2\/categories?post=3244"},{"taxonomy":"post_tag","embeddable":true,"href":"https:\/\/mansetufku.com\/index.php\/wp-json\/wp\/v2\/tags?post=3244"}],"curies":[{"name":"wp","href":"https:\/\/api.w.org\/{rel}","templated":true}]}}