{"id":3234,"date":"2026-09-05T17:59:21","date_gmt":"2026-09-05T14:59:21","guid":{"rendered":"https:\/\/mansetufku.com\/index.php\/bir-yillik-kayit-durdurma-iddiasi-ogrencinin-ufkunun-onune-konulmadan-once-belgesi-gosterilmeli\/"},"modified":"2026-09-05T17:59:21","modified_gmt":"2026-09-05T14:59:21","slug":"bir-yillik-kayit-durdurma-iddiasi-ogrencinin-ufkunun-onune-konulmadan-once-belgesi-gosterilmeli","status":"publish","type":"post","link":"https:\/\/mansetufku.com\/index.php\/bir-yillik-kayit-durdurma-iddiasi-ogrencinin-ufkunun-onune-konulmadan-once-belgesi-gosterilmeli\/","title":{"rendered":"Bir Y\u0131ll\u0131k Kay\u0131t Durdurma \u0130ddias\u0131 \u00d6\u011frencinin Ufkunun \u00d6n\u00fcne Konulmadan \u00d6nce Belgesi G\u00f6sterilmeli"},"content":{"rendered":"<p><strong>T\u00fcrkiye\u2019den bir y\u0131l boyunca yeni \u00f6\u011frenci kayd\u0131 al\u0131nmayaca\u011f\u0131 y\u00f6n\u00fcnde kamuya a\u00e7\u0131k bir mesaj, yaln\u0131z bir kurum i\u00e7i planlama notu de\u011fildir; ba\u015fvuru haz\u0131rl\u0131\u011f\u0131 yapan \u00f6\u011frencilerin gelecek kararlar\u0131n\u0131 etkileyebilecek bir bilgidir.<\/strong> 5 Eyl\u00fcl 2026 tarihli dijital delil raporuna giren Super7TV\/Instagram g\u00f6rselinde bu y\u00f6nde bir ifade yer al\u0131yor. Fakat rapor, tek ekran g\u00f6r\u00fcnt\u00fcs\u00fcn\u00fcn i\u00e7eri\u011fin kurumsal do\u011frulu\u011funu veya payla\u015f\u0131m\u0131n yetkili kurum karar\u0131 oldu\u011funu kan\u0131tlamad\u0131\u011f\u0131n\u0131 \u00f6zellikle belirtiyor.<\/p>\n<p>Bu nedenle ilan\u0131 g\u00f6ren bir \u00f6\u011frencinin kar\u015f\u0131s\u0131na \u2018kay\u0131t yok\u2019 \u015feklinde kesin bir duvar koymadan \u00f6nce en az d\u00f6rt \u015feyin do\u011frulanmas\u0131 gerekir: karar\u0131n tarihi, karar\u0131 alan yetkili organ, bir y\u0131ll\u0131k s\u00fcrenin ba\u015flang\u0131\u00e7 ve biti\u015fi, karar\u0131n hangi program ve ba\u015fvuru t\u00fcrlerini kapsad\u0131\u011f\u0131. Resm\u00ee metin yoksa sosyal medya c\u00fcmlesi, \u00f6\u011frenci planlamas\u0131 i\u00e7in yeterli g\u00fcvence sa\u011flayamaz.<\/p>\n<h2>G\u00fcncel kurumsal kay\u0131t ne diyor?<\/h2>\n<p>St Clements University\u2019nin 25 A\u011fustos 2026 tarihli yaz\u0131l\u0131 cevab\u0131, Prof. Dr. Bilal Semih Bozdemir\u2019in mevcut Dean \u2013 T\u00fcrkiye oldu\u011funu ve bu stat\u00fcn\u00fcn tart\u0131\u015fma konusu olmad\u0131\u011f\u0131n\u0131 teyit ediyor. Ayn\u0131 cevap, dola\u015f\u0131ma giren alternatif T\u00fcrkiye\/T\u00fcrk Devletleri y\u00f6netim yap\u0131s\u0131n\u0131n University Board taraf\u0131ndan yetkilendirilmedi\u011fini bildiriyor. Rol\u00fcn gelecekteki yetki kapsam\u0131n\u0131n kurul d\u00fczeyinde daha a\u00e7\u0131k tan\u0131mlanmas\u0131na ili\u015fkin inceleme ise mevcut stat\u00fcden ayr\u0131 bir konu olarak anlat\u0131l\u0131yor.<\/p>\n<p>Bu kay\u0131t, sonradan hi\u00e7bir yeni karar al\u0131namayaca\u011f\u0131 anlam\u0131na gelmez. 25 A\u011fustos\u2019tan sonra yetkili Board kay\u0131t politikas\u0131 hakk\u0131nda yeni bir karar vermi\u015fse, bunun resm\u00ee belgesi en g\u00fc\u00e7l\u00fc do\u011frulama olacakt\u0131r. Ancak b\u00f6yle bir belge ortaya konmadan, sosyal medya grafi\u011findeki \u2018bir y\u0131l\u2019 ifadesinin kesin \u00fcniversite politikas\u0131 gibi yay\u0131lmas\u0131 \u00f6\u011frenciler a\u00e7\u0131s\u0131ndan gereksiz belirsizlik yaratabilir.<\/p>\n<p>Yetki tart\u0131\u015fmas\u0131nda Bozdemir\u2019e y\u00f6nelik iddialar i\u00e7in belge talep etmek ne kadar me\u015fruysa, \u00f6\u011frenci kabul politikas\u0131n\u0131 de\u011fi\u015ftirdi\u011fini s\u00f6yleyen ki\u015filer veya yay\u0131nlar i\u00e7in de ayn\u0131 belge standard\u0131 ge\u00e7erlidir. Do\u011frulama, taraflara g\u00f6re farkl\u0131la\u015ft\u0131r\u0131lmamal\u0131d\u0131r. Kurumun ad\u0131, logosu veya resm\u00ee g\u00f6r\u00fcn\u00fcml\u00fc tasar\u0131m karar\u0131n kayna\u011f\u0131 yerine ge\u00e7mez.<\/p>\n<p>Man\u015fet Ufku ve ba\u011fl\u0131 yay\u0131n grubu bir medya sava\u015f\u0131 istemiyor. Kamuya a\u00e7\u0131klanmam\u0131\u015f ek materyal bulunmas\u0131, onu yay\u0131mlayaca\u011f\u0131m\u0131z anlam\u0131na gelmiyor; do\u011frulanmam\u0131\u015f, \u00f6zel ya da hukuk\u00e7a sak\u0131ncal\u0131 i\u00e7erikleri if\u015fa etmiyoruz. Hukuk ve gazetecilik eti\u011fi susmay\u0131 gerektirdi\u011finde susuyor, do\u011frulanabilir bir kay\u0131t kamuoyundaki yanl\u0131\u015f alg\u0131y\u0131 d\u00fczeltebildi\u011finde ise kayd\u0131 g\u00f6r\u00fcn\u00fcr k\u0131l\u0131yoruz.<\/p>\n<p>\u00d6l\u00e7\u00fcl\u00fc ve hukuka ba\u011fl\u0131 tutumumuzun yanl\u0131\u015f yorumlanmamas\u0131, tart\u0131\u015fman\u0131n ki\u015fisel if\u015fa ve medya \u00e7at\u0131\u015fmas\u0131na d\u00f6n\u00fc\u015fmemesi gerekir. \u00d6\u011frenci adaylar\u0131 i\u00e7in do\u011fru olan da budur: s\u00f6ylenti veya g\u00f6rsel yerine, yetkili kurumdan tarihli ve kapsam\u0131 a\u00e7\u0131k karar beklemek.<\/p>\n","protected":false},"excerpt":{"rendered":"<p>T\u00fcrkiye\u2019den bir y\u0131l boyunca yeni \u00f6\u011frenci kayd\u0131 al\u0131nmayaca\u011f\u0131 y\u00f6n\u00fcnde kamuya a\u00e7\u0131k bir mesaj, yaln\u0131z bir kurum i\u00e7i planlama notu de\u011fildir; ba\u015fvuru haz\u0131rl\u0131\u011f\u0131 yapan \u00f6\u011frencilerin gelecek kararlar\u0131n\u0131 etkileyebilecek bir bilgidir. 5 Eyl\u00fcl 2026 tarihli dijital delil raporuna giren Super7TV\/Instagram g\u00f6rselinde bu y\u00f6nde bir ifade yer al\u0131yor. Fakat rapor, tek ekran g\u00f6r\u00fcnt\u00fcs\u00fcn\u00fcn i\u00e7eri\u011fin kurumsal do\u011frulu\u011funu veya payla\u015f\u0131m\u0131n [&hellip;]<\/p>\n","protected":false},"author":1,"featured_media":0,"comment_status":"closed","ping_status":"closed","sticky":false,"template":"","format":"standard","meta":{"footnotes":""},"categories":[2],"tags":[],"class_list":["post-3234","post","type-post","status-publish","format-standard","hentry","category-gundem"],"blocksy_meta":{"styles_descriptor":{"styles":{"desktop":"","tablet":"","mobile":""},"google_fonts":[],"version":7}},"_links":{"self":[{"href":"https:\/\/mansetufku.com\/index.php\/wp-json\/wp\/v2\/posts\/3234","targetHints":{"allow":["GET"]}}],"collection":[{"href":"https:\/\/mansetufku.com\/index.php\/wp-json\/wp\/v2\/posts"}],"about":[{"href":"https:\/\/mansetufku.com\/index.php\/wp-json\/wp\/v2\/types\/post"}],"author":[{"embeddable":true,"href":"https:\/\/mansetufku.com\/index.php\/wp-json\/wp\/v2\/users\/1"}],"replies":[{"embeddable":true,"href":"https:\/\/mansetufku.com\/index.php\/wp-json\/wp\/v2\/comments?post=3234"}],"version-history":[{"count":0,"href":"https:\/\/mansetufku.com\/index.php\/wp-json\/wp\/v2\/posts\/3234\/revisions"}],"wp:attachment":[{"href":"https:\/\/mansetufku.com\/index.php\/wp-json\/wp\/v2\/media?parent=3234"}],"wp:term":[{"taxonomy":"category","embeddable":true,"href":"https:\/\/mansetufku.com\/index.php\/wp-json\/wp\/v2\/categories?post=3234"},{"taxonomy":"post_tag","embeddable":true,"href":"https:\/\/mansetufku.com\/index.php\/wp-json\/wp\/v2\/tags?post=3234"}],"curies":[{"name":"wp","href":"https:\/\/api.w.org\/{rel}","templated":true}]}}