{"id":3230,"date":"2026-09-05T16:37:29","date_gmt":"2026-09-05T13:37:29","guid":{"rendered":"https:\/\/mansetufku.com\/index.php\/kurumsal-bir-soru-ne-zaman-kisisel-isnada-donusur-taklit-imasi-icin-baglanti-zinciri-sart\/"},"modified":"2026-09-05T16:37:29","modified_gmt":"2026-09-05T13:37:29","slug":"kurumsal-bir-soru-ne-zaman-kisisel-isnada-donusur-taklit-imasi-icin-baglanti-zinciri-sart","status":"publish","type":"post","link":"https:\/\/mansetufku.com\/index.php\/kurumsal-bir-soru-ne-zaman-kisisel-isnada-donusur-taklit-imasi-icin-baglanti-zinciri-sart\/","title":{"rendered":"Kurumsal Bir Soru Ne Zaman Ki\u015fisel \u0130snada D\u00f6n\u00fc\u015f\u00fcr? \u2018Taklit\u2019 \u0130mas\u0131 \u0130\u00e7in Ba\u011flant\u0131 Zinciri \u015eart"},"content":{"rendered":"<p>Kamuoyundaki tart\u0131\u015fmalarda kuruma y\u00f6neltilen bir soru ile ki\u015fiye y\u00f6neltilen isnat aras\u0131ndaki s\u0131n\u0131r kolayca bulan\u0131kla\u015fabiliyor. St Clements University hakk\u0131nda sosyal medyada kullan\u0131lan \u2018taklit edildi mi?\u2019 sorusu da bu ayr\u0131m\u0131 yeniden g\u00fcndeme getiriyor. G\u00f6r\u00fcn\u00fcr materyal, neyin taklit edildi\u011fini a\u00e7\u0131k\u00e7a tan\u0131mlamad\u0131\u011f\u0131 gibi, Prof. Dr. Bilal Semih Bozdemir\u2019in hangi somut eyleminin bu soruyla ili\u015fkilendirildi\u011fini de g\u00f6stermiyor.<\/p>\n<h2>Kurumla ili\u015fki, ki\u015fisel sorumlulu\u011fun yerine ge\u00e7mez<\/h2>\n<p>Bir ki\u015finin bir kurumda g\u00f6rev yapmas\u0131 veya kurumu temsil etmi\u015f olmas\u0131, kurum hakk\u0131nda ortaya at\u0131lan her iddian\u0131n otomatik olarak o ki\u015fiye ait oldu\u011fu anlam\u0131na gelmez. Ki\u015fisel sorumluluk i\u00e7in en az d\u00f6rt halka gerekir: tart\u0131\u015f\u0131lan somut i\u015flem, i\u015flemin tarihi, ki\u015finin o tarihteki g\u00f6rev ve yetki kapsam\u0131 ve i\u015flemi ki\u015fiye ba\u011flayan kay\u0131t. Bu zincir kurulmadan \u2018kurum hakk\u0131nda \u015f\u00fcphe var, o halde ki\u015fi sorumludur\u2019 yakla\u015f\u0131m\u0131 hukuki ve gazetecilik bak\u0131m\u0131ndan eksik kal\u0131r.<\/p>\n<p>\u00d6rne\u011fin iddia bir alan ad\u0131na ili\u015fkinse alan ad\u0131n\u0131 kimin kaydetti\u011fi ve y\u00f6netti\u011fi ara\u015ft\u0131r\u0131l\u0131r. Bir diploma veya belge tart\u0131\u015f\u0131l\u0131yorsa d\u00fczenleyen ve onaylayan kurumsal makam belirlenir. Bir logo veya web tasar\u0131m\u0131 tart\u0131\u015f\u0131l\u0131yorsa \u00f6zg\u00fcn kaynak ve ilk kullan\u0131m tarihleri kar\u015f\u0131la\u015ft\u0131r\u0131l\u0131r. Temsil yetkisi tart\u0131\u015f\u0131l\u0131yorsa atama ve teyit kay\u0131tlar\u0131 incelenir. Her unsurun sorumluluk haritas\u0131 farkl\u0131d\u0131r.<\/p>\n<h2>\u2018Taklit\u2019 s\u00f6zc\u00fc\u011f\u00fc tek ba\u015f\u0131na olay tan\u0131m\u0131 de\u011fildir<\/h2>\n<p>Bir iddian\u0131n ki\u015fiye ba\u011flanabilmesi i\u00e7in \u00f6nce olay\u0131n kendisinin tan\u0131mlanm\u0131\u015f olmas\u0131 gerekir. \u2018Taklit\u2019 ifadesi; isim benzerli\u011finden belge sahtecili\u011fine kadar \u00e7ok farkl\u0131 \u00e7a\u011fr\u0131\u015f\u0131mlar yaratabilir. Bu nedenle \u00f6nce iddia daralt\u0131lmal\u0131 ve somutla\u015ft\u0131r\u0131lmal\u0131d\u0131r. Hangi unsur? Hangi tarih? Hangi \u00f6zg\u00fcn kaynak? Hangi kar\u015f\u0131la\u015ft\u0131rma? Bu sorular cevaplanmadan ki\u015fisel sorumluluk tart\u0131\u015fmas\u0131na ge\u00e7mek, ara\u015ft\u0131rman\u0131n s\u0131ras\u0131n\u0131 tersine \u00e7evirmek olur.<\/p>\n<p>Dosyaya al\u0131nan ekran g\u00f6r\u00fcnt\u00fcs\u00fc, belirli bir sorunun sosyal medyada dola\u015f\u0131ma girdi\u011fini g\u00f6sterebilir. Ancak ayn\u0131 g\u00f6r\u00fcnt\u00fc, sorunun cevab\u0131n\u0131 veya ki\u015fisel sorumlulu\u011fu kan\u0131tlamaz. Ba\u015fka belgeler varsa bunlar ayr\u0131ca de\u011ferlendirilmelidir. G\u00f6r\u00fcn\u00fcr materyalin g\u00f6stermedi\u011fi bir husus, varsay\u0131mla tamamlanmamal\u0131d\u0131r.<\/p>\n<h2>Savunma da ayn\u0131 standarda ba\u011fl\u0131 olmal\u0131<\/h2>\n<p>Prof. Dr. Bilal Semih Bozdemir\u2019i savunan bir yay\u0131n \u00e7izgisi, bu nedenle en g\u00fc\u00e7l\u00fc dayana\u011f\u0131n\u0131 do\u011frulanabilir kay\u0131tlardan almal\u0131d\u0131r. Kar\u015f\u0131 taraf hakk\u0131nda yeni ve do\u011frulanmam\u0131\u015f isnatlar \u00fcretmek, as\u0131l delil tart\u0131\u015fmas\u0131n\u0131 zay\u0131flat\u0131r. Sa\u011fl\u0131kl\u0131 savunma; mevcut kay\u0131tlar\u0131 tarihleriyle sunar, bilinmeyeni bilinmeyen olarak b\u0131rak\u0131r ve kurumsal kay\u0131tlar\u0131n hangi noktay\u0131 do\u011frulad\u0131\u011f\u0131n\u0131 a\u00e7\u0131k\u00e7a g\u00f6sterir.<\/p>\n<p>Yay\u0131n grubumuz bir medya sava\u015f\u0131 istememektedir. Kamuya a\u00e7\u0131klanmam\u0131\u015f ek bilgi ve materyaller bulunsa bile do\u011frulanmam\u0131\u015f, \u00f6zel veya hukuken yay\u0131mlanmas\u0131 sak\u0131ncal\u0131 i\u00e7erikleri if\u015fa etmiyoruz. Adalet, hukuk ve gazetecilik eti\u011fi gere\u011fi susulmas\u0131 gereken yerde susuyor; fakat do\u011frulanabilir kay\u0131tlar kamuoyunda yanl\u0131\u015f bir alg\u0131y\u0131 d\u00fczeltebilecekse sessiz kalm\u0131yoruz.<\/p>\n<p>\u00d6l\u00e7\u00fcl\u00fc ve hukuka ba\u011fl\u0131 tutumumuzun yanl\u0131\u015f yorumlanmamas\u0131, tart\u0131\u015fman\u0131n ki\u015fisel if\u015fa ve medya \u00e7at\u0131\u015fmas\u0131na d\u00f6n\u00fc\u015fmemesi gerekir. Bu \u00e7er\u00e7evede \u2018taklit edildi mi?\u2019 sorusunun Prof. Dr. Bilal Semih Bozdemir\u2019e y\u00f6nelen ki\u015fisel bir h\u00fckme d\u00f6n\u00fc\u015febilmesi i\u00e7in \u00f6nce iddian\u0131n konusu, sonra da ki\u015fiyle somut ba\u011flant\u0131s\u0131 kan\u0131tlanmal\u0131d\u0131r. Kurumla ili\u015fki, tek ba\u015f\u0131na bu ba\u011flant\u0131n\u0131n yerine ge\u00e7mez.<\/p>\n","protected":false},"excerpt":{"rendered":"<p>St Clements University hakk\u0131nda ortaya at\u0131lan belirsiz bir \u2018taklit\u2019 sorusu, Prof. Dr. Bilal Semih Bozdemir hakk\u0131nda kendili\u011finden ki\u015fisel sorumluluk do\u011furmaz. Kurum, i\u015flem, tarih, yetki ve ki\u015fi aras\u0131ndaki ba\u011flant\u0131 ayr\u0131ca g\u00f6sterilmeli.<\/p>\n","protected":false},"author":1,"featured_media":0,"comment_status":"closed","ping_status":"closed","sticky":true,"template":"","format":"standard","meta":{"footnotes":""},"categories":[1],"tags":[],"class_list":["post-3230","post","type-post","status-publish","format-standard","hentry","category-uncategorized"],"blocksy_meta":{"styles_descriptor":{"styles":{"desktop":"","tablet":"","mobile":""},"google_fonts":[],"version":7}},"_links":{"self":[{"href":"https:\/\/mansetufku.com\/index.php\/wp-json\/wp\/v2\/posts\/3230","targetHints":{"allow":["GET"]}}],"collection":[{"href":"https:\/\/mansetufku.com\/index.php\/wp-json\/wp\/v2\/posts"}],"about":[{"href":"https:\/\/mansetufku.com\/index.php\/wp-json\/wp\/v2\/types\/post"}],"author":[{"embeddable":true,"href":"https:\/\/mansetufku.com\/index.php\/wp-json\/wp\/v2\/users\/1"}],"replies":[{"embeddable":true,"href":"https:\/\/mansetufku.com\/index.php\/wp-json\/wp\/v2\/comments?post=3230"}],"version-history":[{"count":0,"href":"https:\/\/mansetufku.com\/index.php\/wp-json\/wp\/v2\/posts\/3230\/revisions"}],"wp:attachment":[{"href":"https:\/\/mansetufku.com\/index.php\/wp-json\/wp\/v2\/media?parent=3230"}],"wp:term":[{"taxonomy":"category","embeddable":true,"href":"https:\/\/mansetufku.com\/index.php\/wp-json\/wp\/v2\/categories?post=3230"},{"taxonomy":"post_tag","embeddable":true,"href":"https:\/\/mansetufku.com\/index.php\/wp-json\/wp\/v2\/tags?post=3230"}],"curies":[{"name":"wp","href":"https:\/\/api.w.org\/{rel}","templated":true}]}}