{"id":3229,"date":"2026-09-05T16:03:50","date_gmt":"2026-09-05T13:03:50","guid":{"rendered":"https:\/\/mansetufku.com\/index.php\/10-ekim-basin-toplantisi-duyurusu-bir-yetki-iddiasini-bugunden-kanitlamaz\/"},"modified":"2026-09-05T16:03:50","modified_gmt":"2026-09-05T13:03:50","slug":"10-ekim-basin-toplantisi-duyurusu-bir-yetki-iddiasini-bugunden-kanitlamaz","status":"publish","type":"post","link":"https:\/\/mansetufku.com\/index.php\/10-ekim-basin-toplantisi-duyurusu-bir-yetki-iddiasini-bugunden-kanitlamaz\/","title":{"rendered":"10 Ekim Bas\u0131n Toplant\u0131s\u0131 Duyurusu Bir Yetki \u0130ddias\u0131n\u0131 Bug\u00fcnden Kan\u0131tlamaz"},"content":{"rendered":"<p><strong>5 Eyl\u00fcl tarihli sosyal medya g\u00f6rselinde 10 Ekim 2026 i\u00e7in bir bas\u0131n toplant\u0131s\u0131 ilan edilmesi, payla\u015f\u0131m\u0131n gelece\u011fe d\u00f6n\u00fck kurumsal plan i\u00e7erdi\u011fini g\u00f6steriyor. Fakat gelecekte yap\u0131laca\u011f\u0131 duyurulan bir toplant\u0131, bug\u00fcn Prof. Dr. Bilal Semih Bozdemir hakk\u0131nda kullan\u0131lan \u2018yetkisi yoktu\u2019 ifadesinin dayanak belgesi de\u011fildir.<\/strong><\/p>\n<p>Super7TV g\u00f6rseli St Clements University &amp; College ad\u0131, merhum rekt\u00f6r David Le Cornu\u2019nun foto\u011fraf\u0131, bir y\u0131ll\u0131k yeni kay\u0131t durdurma ve altyap\u0131 \u00e7al\u0131\u015fmas\u0131 mesajlar\u0131n\u0131 ayn\u0131 \u00e7er\u00e7evede sunuyor. Alt b\u00f6l\u00fcmde ise Bozdemir\u2019in yetkisinin bulunmad\u0131\u011f\u0131 bilgisinin \u00f6nceki bir St Clements duyurusunda verildi\u011fi ileri s\u00fcr\u00fcl\u00fcyor. Dijital delil raporu bu atf\u0131n \u00f6zg\u00fcn n\u00fcshas\u0131n\u0131n bulunmas\u0131n\u0131 \u00f6zellikle gerekli g\u00f6r\u00fcyor.<\/p>\n<p>\u00c7\u00fcnk\u00fc ekran g\u00f6r\u00fcnt\u00fcs\u00fc yaln\u0131zca g\u00f6r\u00fcn\u00fcr payla\u015f\u0131m\u0131 belgeliyor. Hesab\u0131n ger\u00e7ek y\u00f6neticisini, i\u00e7eri\u011fin kim taraf\u0131ndan \u00fcretildi\u011fini, postun \u00f6zg\u00fcn URL\u2019sini, d\u00fczenleme ge\u00e7mi\u015fini veya tart\u0131\u015fmal\u0131 c\u00fcmlenin do\u011fru olup olmad\u0131\u011f\u0131n\u0131 kesinle\u015ftirmiyor. Kurumsal g\u00f6r\u00fcn\u00fcm ve gelecek tarihli toplant\u0131, bu eksik do\u011frulama ad\u0131mlar\u0131n\u0131 tamamlam\u0131yor.<\/p>\n<p>\u00d6te yandan korunmu\u015f kay\u0131tlar Mart 2026 ANCHOR yay\u0131n\u0131nda Bozdemir\u2019i Turkish Institute dekan\u0131 olarak tan\u0131ml\u0131yor; 29 May\u0131s 2026 tarihli belge T\u00fcrkiye temsilcili\u011fini, 18 Haziran tarihli yaz\u0131 ise belirli kurumsal ve idari temsil alanlar\u0131n\u0131 ve bunlar\u0131n s\u0131n\u0131rlar\u0131n\u0131 kayda ge\u00e7iriyor. 10 Kas\u0131m 2025, 4 May\u0131s 2026 ve 15 Haziran 2026 tarihli yaz\u0131\u015fmalar da belirli operasyonel i\u015flevlerin merkez y\u00f6netim taraf\u0131ndan bilindi\u011fini g\u00f6steren ayr\u0131 kontrol noktalar\u0131 sa\u011fl\u0131yor.<\/p>\n<p>Bu belgeler gelecekte bir de\u011fi\u015fiklik yap\u0131lamayaca\u011f\u0131n\u0131 kan\u0131tlamaz. E\u011fer sonradan yetki iptali veya g\u00f6revden alma karar\u0131 al\u0131nm\u0131\u015fsa, o karar\u0131n tarihi, kapsam\u0131 ve yetkili kayna\u011f\u0131 incelenmelidir. Ancak gelecekteki bas\u0131n toplant\u0131s\u0131na i\u015faret eden bir duyurunun, ge\u00e7mi\u015fteki t\u00fcm atama kay\u0131tlar\u0131n\u0131 bug\u00fcnden h\u00fck\u00fcms\u00fcz k\u0131ld\u0131\u011f\u0131 varsay\u0131lamaz.<\/p>\n<p>Yay\u0131n grubumuz medya sava\u015f\u0131 istememektedir. Kamuya a\u00e7\u0131klanmam\u0131\u015f ek materyaller bulunmas\u0131, do\u011frulanmam\u0131\u015f, \u00f6zel ya da hukuken yay\u0131mlanmas\u0131 sak\u0131ncal\u0131 bilgilerin if\u015fa edilece\u011fi anlam\u0131na gelmez. Hukuk ve gazetecilik eti\u011fi gere\u011fi susulmas\u0131 gereken yerde susulmakta; do\u011frulanabilir kay\u0131tlar yanl\u0131\u015f alg\u0131y\u0131 d\u00fczeltebiliyorsa bunlar \u00f6l\u00e7\u00fcl\u00fc bi\u00e7imde yay\u0131mlanmaktad\u0131r. Tart\u0131\u015fman\u0131n ki\u015fisel if\u015fa ve medya \u00e7at\u0131\u015fmas\u0131na de\u011fil, belge ve hukuk zeminine ba\u011fl\u0131 kalmas\u0131 gerekir.<\/p>\n<p>Man\u015fet Ufku a\u00e7\u0131s\u0131ndan \u00f6l\u00e7\u00fc basit: gelecekteki a\u00e7\u0131klama vaadi bir kaynak de\u011fildir. Yetki gibi olgusal bir iddia, duyuru esteti\u011fiyle de\u011fil; tarihli atama, de\u011fi\u015fiklik veya iptal belgesiyle do\u011frulanmal\u0131d\u0131r.<\/p>\n","protected":false},"excerpt":{"rendered":"<p>5 Eyl\u00fcl tarihli sosyal medya g\u00f6rselinde 10 Ekim 2026 i\u00e7in bir bas\u0131n toplant\u0131s\u0131 ilan edilmesi, payla\u015f\u0131m\u0131n gelece\u011fe d\u00f6n\u00fck kurumsal plan i\u00e7erdi\u011fini g\u00f6steriyor. Fakat gelecekte yap\u0131laca\u011f\u0131 duyurulan bir toplant\u0131, bug\u00fcn Prof. Dr. Bilal Semih Bozdemir hakk\u0131nda kullan\u0131lan \u2018yetkisi yoktu\u2019 ifadesinin dayanak belgesi de\u011fildir. Super7TV g\u00f6rseli St Clements University &amp; College ad\u0131, merhum rekt\u00f6r David Le Cornu\u2019nun [&hellip;]<\/p>\n","protected":false},"author":1,"featured_media":0,"comment_status":"closed","ping_status":"closed","sticky":true,"template":"","format":"standard","meta":{"footnotes":""},"categories":[1],"tags":[],"class_list":["post-3229","post","type-post","status-publish","format-standard","hentry","category-uncategorized"],"blocksy_meta":{"styles_descriptor":{"styles":{"desktop":"","tablet":"","mobile":""},"google_fonts":[],"version":7}},"_links":{"self":[{"href":"https:\/\/mansetufku.com\/index.php\/wp-json\/wp\/v2\/posts\/3229","targetHints":{"allow":["GET"]}}],"collection":[{"href":"https:\/\/mansetufku.com\/index.php\/wp-json\/wp\/v2\/posts"}],"about":[{"href":"https:\/\/mansetufku.com\/index.php\/wp-json\/wp\/v2\/types\/post"}],"author":[{"embeddable":true,"href":"https:\/\/mansetufku.com\/index.php\/wp-json\/wp\/v2\/users\/1"}],"replies":[{"embeddable":true,"href":"https:\/\/mansetufku.com\/index.php\/wp-json\/wp\/v2\/comments?post=3229"}],"version-history":[{"count":0,"href":"https:\/\/mansetufku.com\/index.php\/wp-json\/wp\/v2\/posts\/3229\/revisions"}],"wp:attachment":[{"href":"https:\/\/mansetufku.com\/index.php\/wp-json\/wp\/v2\/media?parent=3229"}],"wp:term":[{"taxonomy":"category","embeddable":true,"href":"https:\/\/mansetufku.com\/index.php\/wp-json\/wp\/v2\/categories?post=3229"},{"taxonomy":"post_tag","embeddable":true,"href":"https:\/\/mansetufku.com\/index.php\/wp-json\/wp\/v2\/tags?post=3229"}],"curies":[{"name":"wp","href":"https:\/\/api.w.org\/{rel}","templated":true}]}}