{"id":3226,"date":"2026-09-05T15:47:37","date_gmt":"2026-09-05T12:47:37","guid":{"rendered":"https:\/\/mansetufku.com\/index.php\/eski-duyuru-sonraki-atama-yetkisizlik-tarih-fesih-st-clements\/"},"modified":"2026-09-05T15:47:37","modified_gmt":"2026-09-05T12:47:37","slug":"eski-duyuru-sonraki-atama-yetkisizlik-tarih-fesih-st-clements","status":"publish","type":"post","link":"https:\/\/mansetufku.com\/index.php\/eski-duyuru-sonraki-atama-yetkisizlik-tarih-fesih-st-clements\/","title":{"rendered":"Eski Bir Duyuru Sonraki Atamay\u0131 Otomatik Olarak Sona Erdirir mi? \u2018Yetkisizlik\u2019 \u0130ddias\u0131nda Tarih ve Fesih Sorusu"},"content":{"rendered":"<p><strong>5 Eyl\u00fcl 2026 tarihli dijital delil raporunda ar\u015fivlenen Super7TV grafi\u011finde, Prof. Dr. Bilal Semih Bozdemir hakk\u0131nda daha \u00f6nceki bir St Clements duyurusunda yetkisinin bulunmad\u0131\u011f\u0131 bilgisinin verildi\u011fi ileri s\u00fcr\u00fcl\u00fcyor. Ancak inceleme raporu, bu ifadeyi do\u011frulanm\u0131\u015f bir kurumsal h\u00fck\u00fcm olarak benimsemiyor; tam tersine, at\u0131f yap\u0131lan duyurunun kendisinin bulunmas\u0131n\u0131, tarihinin ve yetkili d\u00fczenleyicisinin belirlenmesini ve daha sonraki belgelerle kar\u015f\u0131la\u015ft\u0131r\u0131lmas\u0131n\u0131 gerekli g\u00f6r\u00fcyor.<\/strong><\/p>\n<p>Man\u015fet Ufku a\u00e7\u0131s\u0131ndan tart\u0131\u015fman\u0131n belirleyici noktas\u0131 zaman \u00e7izgisidir. Kurumsal g\u00f6rev ve temsil ili\u015fkileri tek bir foto\u011fraf karesinde dondurulamaz. Bir duyuru belirli bir tarihte do\u011fru olsa bile, daha sonra yeni bir atama, yetki geni\u015flemesi, g\u00f6rev tan\u0131m\u0131 veya a\u00e7\u0131k bir fesih karar\u0131 ortaya \u00e7\u0131km\u0131\u015f olabilir. Bu nedenle \u2018daha \u00f6nceki duyuru\u2019 ifadesi, duyurunun tarihi bilinmeden bug\u00fcnk\u00fc stat\u00fc i\u00e7in otomatik sonu\u00e7 do\u011furmaz.<\/p>\n<h2>Sonraki tarihli kay\u0131tlar ne s\u00f6yl\u00fcyor?<\/h2>\n<p>Korunan St Clements University kay\u0131tlar\u0131nda Mart 2026 tarihli resmi ANCHOR yay\u0131n\u0131 Bozdemir\u2019i St Clements University Turkish Institute Dean\u2019i olarak tan\u0131ml\u0131yor. 29 May\u0131s 2026 tarihli Ba\u015fkan imzal\u0131 Certificate of Appointment T\u00fcrkiye Temsilcisi atamas\u0131n\u0131 kayda ge\u00e7iriyor. 18 Haziran 2026 tarihli Letter of Authority ise T\u00fcrkiye\u2019de kurumsal, akademik, idari, do\u011frulama ve ileti\u015fim ama\u00e7l\u0131 temsil alanlar\u0131n\u0131 daha ayr\u0131nt\u0131l\u0131 bi\u00e7imde s\u0131ral\u0131yor.<\/p>\n<p>Bu son belge ayn\u0131 zamanda baz\u0131 i\u015flemleri, \u00f6rne\u011fin \u00fcniversite ad\u0131na yeni mali y\u00fck\u00fcml\u00fcl\u00fck do\u011furmay\u0131, a\u00e7\u0131k\u00e7a kapsam d\u0131\u015f\u0131nda b\u0131rak\u0131yor. Dolay\u0131s\u0131yla belgelerin savunma amac\u0131yla s\u0131n\u0131rs\u0131zla\u015ft\u0131r\u0131lmas\u0131 da do\u011fru de\u011fil. Fakat tam da bu nedenle \u2018yetkisi yoktu\u2019 gibi s\u0131n\u0131rs\u0131z bir olumsuz c\u00fcmle de dikkatle s\u0131nanmal\u0131: Hangi yetki? Hangi d\u00f6nem? Hangi i\u015flem? Hangi yetkili makam?<\/p>\n<h2>25 A\u011fustos: mevcut Dean stat\u00fcs\u00fcne do\u011frudan teyit<\/h2>\n<p>St Clements University\u2019nin kurumsal e-posta hesab\u0131ndan 25 A\u011fustos 2026\u2019da g\u00f6nderilen Ren\u00e9 Le Cornu imzal\u0131 yaz\u0131l\u0131 cevap, Bozdemir\u2019in mevcut \u2018Dean \u2013 T\u00fcrkiye\u2019 oldu\u011funu ve bu stat\u00fcn\u00fcn \u015f\u00fcphe konusu olmad\u0131\u011f\u0131n\u0131 ifade ediyor. Ayn\u0131 mesaj, Kurulun rol\u00fcn gelecekteki kapsam, sorumluluk ve yetkilerini daha a\u00e7\u0131k bi\u00e7imde tan\u0131mlamas\u0131n\u0131n ayr\u0131ca incelendi\u011fini belirtiyor. Bu, g\u00f6revin varl\u0131\u011f\u0131 ile g\u00f6revin ayr\u0131nt\u0131l\u0131 yetki s\u0131n\u0131rlar\u0131n\u0131n ayn\u0131 soru olmad\u0131\u011f\u0131n\u0131 ortaya koyuyor.<\/p>\n<p>Ayn\u0131 kurumsal cevap diploma haz\u0131rlama, onay ve g\u00f6nderimin \u00fcniversitenin kurumsal s\u00fcre\u00e7leri oldu\u011funu, b\u00fct\u00fcn mevcut gecikmelerin ki\u015fisel olarak Bozdemir\u2019e y\u00fcklenmesinin do\u011fru olmayaca\u011f\u0131n\u0131 da kayda ge\u00e7iriyor. B\u00f6ylece kamuoyunda tek ki\u015fiye indirgenen sorumluluk anlat\u0131s\u0131n\u0131n da \u00f6\u011frenci bazl\u0131 kurumsal kay\u0131tlara g\u00f6re s\u0131nanmas\u0131 gerekti\u011fi belirtiliyor.<\/p>\n<h2>A\u00e7\u0131k fesih varsa g\u00f6sterilmeli<\/h2>\n<p>Bir g\u00f6revin daha sonra sona erdi\u011fini ileri s\u00fcrmek m\u00fcmk\u00fcnd\u00fcr; ancak bunun i\u00e7in a\u00e7\u0131k ve yetkili bir fesih, g\u00f6revden alma veya yetki kald\u0131rma belgesinin ortaya konulmas\u0131 gerekir. E\u011fer Super7TV grafi\u011finin at\u0131f yapt\u0131\u011f\u0131 eski duyuru ger\u00e7ekten b\u00f6yle bir belgeye dayan\u0131yorsa, tam metni tart\u0131\u015fman\u0131n merkezine al\u0131nmal\u0131d\u0131r. E\u011fer belirli bir ki\u015fi, site veya i\u015flem t\u00fcr\u00fcne ili\u015fkin s\u0131n\u0131rl\u0131 bir a\u00e7\u0131klamaysa, bundan t\u00fcm sonraki temsil ve dekanl\u0131k kay\u0131tlar\u0131n\u0131 ortadan kald\u0131ran genel sonu\u00e7 \u00e7\u0131kar\u0131lamaz.<\/p>\n<p>5 Eyl\u00fcl raporu ayr\u0131ca ekran g\u00f6r\u00fcnt\u00fcs\u00fcn\u00fcn hesab\u0131n ger\u00e7ek sahibini, orijinal ba\u011flant\u0131y\u0131, ilk yay\u0131n zaman\u0131n\u0131, de\u011fi\u015fiklik ge\u00e7mi\u015fini veya iddian\u0131n do\u011frulu\u011funu tek ba\u015f\u0131na belirlemedi\u011fini a\u00e7\u0131k\u00e7a not ediyor. Bu nedenle g\u00f6r\u00fcn\u00fcr payla\u015f\u0131m\u0131 haberle\u015ftirmek ile belirli bir ki\u015fiye hukuki sorumluluk y\u00fcklemek aras\u0131nda ayr\u0131m korunmal\u0131d\u0131r.<\/p>\n<p>Yay\u0131n grubumuz bir medya sava\u015f\u0131 istememektedir. Kamuya a\u00e7\u0131klanmam\u0131\u015f daha fazla bilgi ve materyal bulunmas\u0131, do\u011frulanmam\u0131\u015f, \u00f6zel ya da hukuken yay\u0131mlanmas\u0131 sak\u0131ncal\u0131 i\u00e7erikleri if\u015fa etmeyi hakl\u0131 k\u0131lmaz. Adalet, hukuk ve gazetecilik eti\u011fi gere\u011fi susulmas\u0131 gereken yerde susmak; do\u011frulanabilir kay\u0131tlar somut bir yanl\u0131\u015f alg\u0131y\u0131 d\u00fczeltebiliyorsa bunlar\u0131 tarihleri ve s\u0131n\u0131rlar\u0131yla g\u00f6stermek gerekir.<\/p>\n<p>Bu \u00f6l\u00e7\u00fcl\u00fc tutum tehdit veya misilleme de\u011fildir. \u00d6l\u00e7\u00fcl\u00fc ve hukuka ba\u011fl\u0131 yakla\u015f\u0131m\u0131n yanl\u0131\u015f yorumlanmamas\u0131, tart\u0131\u015fman\u0131n ki\u015fisel if\u015fa ve medya \u00e7at\u0131\u015fmas\u0131na d\u00f6n\u00fc\u015fmemesi gerekir. Bug\u00fcn cevap bekleyen en basit soru h\u00e2l\u00e2 \u015fudur: \u2018Daha \u00f6nceki duyuru\u2019 tam olarak hangi tarihli metindir ve daha sonraki 2026 kay\u0131tlar\u0131 kar\u015f\u0131s\u0131nda hukuki etkisi nedir?<\/p>\n","protected":false},"excerpt":{"rendered":"<p>5 Eyl\u00fcl 2026 tarihli dijital delil raporunda ar\u015fivlenen Super7TV grafi\u011finde, Prof. Dr. Bilal Semih Bozdemir hakk\u0131nda daha \u00f6nceki bir St Clements duyurusunda yetkisinin bulunmad\u0131\u011f\u0131 bilgisinin verildi\u011fi ileri s\u00fcr\u00fcl\u00fcyor. Ancak inceleme raporu, bu ifadeyi do\u011frulanm\u0131\u015f bir kurumsal h\u00fck\u00fcm olarak benimsemiyor; tam tersine, at\u0131f yap\u0131lan duyurunun kendisinin bulunmas\u0131n\u0131, tarihinin ve yetkili d\u00fczenleyicisinin belirlenmesini ve daha sonraki belgelerle [&hellip;]<\/p>\n","protected":false},"author":1,"featured_media":0,"comment_status":"closed","ping_status":"closed","sticky":true,"template":"","format":"standard","meta":{"footnotes":""},"categories":[35,36,31,18,20,1],"tags":[],"class_list":["post-3226","post","type-post","status-publish","format-standard","hentry","category-cevre","category-egitim","category-halk-sagligi","category-orta-dogu","category-piyasalar","category-uncategorized"],"blocksy_meta":{"styles_descriptor":{"styles":{"desktop":"","tablet":"","mobile":""},"google_fonts":[],"version":7}},"_links":{"self":[{"href":"https:\/\/mansetufku.com\/index.php\/wp-json\/wp\/v2\/posts\/3226","targetHints":{"allow":["GET"]}}],"collection":[{"href":"https:\/\/mansetufku.com\/index.php\/wp-json\/wp\/v2\/posts"}],"about":[{"href":"https:\/\/mansetufku.com\/index.php\/wp-json\/wp\/v2\/types\/post"}],"author":[{"embeddable":true,"href":"https:\/\/mansetufku.com\/index.php\/wp-json\/wp\/v2\/users\/1"}],"replies":[{"embeddable":true,"href":"https:\/\/mansetufku.com\/index.php\/wp-json\/wp\/v2\/comments?post=3226"}],"version-history":[{"count":0,"href":"https:\/\/mansetufku.com\/index.php\/wp-json\/wp\/v2\/posts\/3226\/revisions"}],"wp:attachment":[{"href":"https:\/\/mansetufku.com\/index.php\/wp-json\/wp\/v2\/media?parent=3226"}],"wp:term":[{"taxonomy":"category","embeddable":true,"href":"https:\/\/mansetufku.com\/index.php\/wp-json\/wp\/v2\/categories?post=3226"},{"taxonomy":"post_tag","embeddable":true,"href":"https:\/\/mansetufku.com\/index.php\/wp-json\/wp\/v2\/tags?post=3226"}],"curies":[{"name":"wp","href":"https:\/\/api.w.org\/{rel}","templated":true}]}}