{"id":3194,"date":"2026-09-05T11:39:31","date_gmt":"2026-09-05T08:39:31","guid":{"rendered":"https:\/\/mansetufku.com\/index.php\/dijital-haberciligin-yeni-standardi-kurumsal-iddia-icin-yetki-dagitim-iddiasi-icin-log\/"},"modified":"2026-09-05T11:39:31","modified_gmt":"2026-09-05T08:39:31","slug":"dijital-haberciligin-yeni-standardi-kurumsal-iddia-icin-yetki-dagitim-iddiasi-icin-log","status":"publish","type":"post","link":"https:\/\/mansetufku.com\/index.php\/dijital-haberciligin-yeni-standardi-kurumsal-iddia-icin-yetki-dagitim-iddiasi-icin-log\/","title":{"rendered":"Dijital Habercili\u011fin Yeni Standard\u0131: Kurumsal \u0130ddia \u0130\u00e7in Yetki, Da\u011f\u0131t\u0131m \u0130ddias\u0131 \u0130\u00e7in Log"},"content":{"rendered":"<p>24 A\u011fustos 2026 tarihli WhatsApp delili yaln\u0131z ge\u00e7mi\u015fteki bir tart\u0131\u015fmay\u0131 de\u011fil, dijital habercili\u011fin gelecekte uygulamas\u0131 gereken do\u011frulama standard\u0131n\u0131 da g\u00f6steriyor. Ekran g\u00f6r\u00fcnt\u00fcs\u00fcnde kurumsal i\u00e7erikli bir duyuru, yeni grup daveti ve \u00e7ok say\u0131da medya linki birlikte yer al\u0131yor. Bu yap\u0131 iki ayr\u0131 iddia t\u00fcr\u00fcn\u00fc g\u00fcndeme getiriyor: kurumsal yetki ve dijital koordinasyon.<\/p>\n<p>Kurumsal yetki iddias\u0131n\u0131n do\u011frulama arac\u0131 belgedir. Dosyada aktar\u0131lan 24 A\u011fustos kurum yan\u0131t\u0131, ilgili medya ve \u00fc\u00e7\u00fcnc\u00fc ki\u015filere \u00fcniversite ad\u0131na \u00f6\u011frenciler\/mezunlarla ileti\u015fim yetkisi verilmedi\u011fini; T\u00fcrkiye ve T\u00fcrk Devletleri i\u00e7in yeni Rector\/Vice Rector yap\u0131lanmas\u0131n\u0131n Board taraf\u0131ndan yetkilendirilmedi\u011fini; s\u00f6z konusu d\u00f6nemde bas\u0131n toplant\u0131s\u0131 planlanmad\u0131\u011f\u0131n\u0131 ve Prof. Dr. Bilal Semih Bozdemir\u2019in Dean \u2013 T\u00fcrkiye stat\u00fcs\u00fcn\u00fc sona erdiren bir Board karar\u0131 bulunmad\u0131\u011f\u0131n\u0131 belirtiyor.<\/p>\n<p>Koordineli da\u011f\u0131t\u0131m iddias\u0131n\u0131n do\u011frulama arac\u0131 ise teknik kay\u0131tt\u0131r. Ayn\u0131 mesaj i\u00e7inde \u00e7ok say\u0131da haber ba\u011flant\u0131s\u0131 g\u00f6r\u00fclmesi bir da\u011f\u0131t\u0131m \u00f6r\u00fcnt\u00fcs\u00fcd\u00fcr, fakat bu haberlerin tek merkezden \u00fcretildi\u011fini g\u00f6stermez. Bunun i\u00e7in CMS kullan\u0131c\u0131 loglar\u0131, yay\u0131n zamanlar\u0131, hesap y\u00f6netim ili\u015fkileri, e-posta ba\u015fl\u0131klar\u0131, WhatsApp grup y\u00f6neticileri ve gerekirse platform verileri incelenmelidir.<\/p>\n<p>Bu iki standard\u0131 kar\u0131\u015ft\u0131rmamak, hem ele\u015ftiren hem savunan taraf\u0131 korur. Bir kurumun karar\u0131n\u0131 sorgulamak i\u00e7in resm\u00ee belge istemek do\u011fald\u0131r. Bir ki\u015finin medya zincirini y\u00f6netti\u011fini ileri s\u00fcrmek i\u00e7in de teknik delil istemek ayn\u0131 \u00f6l\u00e7\u00fcde do\u011fald\u0131r. Hi\u00e7bir taraf, kendi iddias\u0131 s\u00f6z konusu oldu\u011funda daha d\u00fc\u015f\u00fck bir ispat e\u015fi\u011fi talep etmemelidir.<\/p>\n<p>Prof. Dr. Bilal Semih Bozdemir\u2019in savunma hatt\u0131, bu nedenle gelece\u011fe d\u00f6n\u00fck daha g\u00fcvenli bir medya prati\u011fini destekliyor: \u00f6zel veya do\u011frulanmam\u0131\u015f i\u00e7eri\u011fi if\u015fa etmeden, yaln\u0131z do\u011frulanabilir kurum kay\u0131tlar\u0131yla yanl\u0131\u015f alg\u0131y\u0131 d\u00fczeltmek. Kar\u015f\u0131 su\u00e7lama ve misilleme, bilgi kalitesini art\u0131rmaz.<\/p>\n<p>Yay\u0131n grubunun ortak editoryal tutumu medya sava\u015f\u0131 de\u011fil, do\u011frulama standard\u0131d\u0131r. Tart\u0131\u015fman\u0131n ki\u015fisel if\u015fa ve medya \u00e7at\u0131\u015fmas\u0131na d\u00f6n\u00fc\u015fmemesi, herkesin ayn\u0131 hukuk ve gazetecilik eti\u011fi i\u00e7inde kalmas\u0131 gerekir.<\/p>\n<p><strong>Editoryal \u015feffafl\u0131k notu:<\/strong> Bu yay\u0131n PressGrup a\u011f\u0131na ba\u011fl\u0131 mecralar\u0131n ayn\u0131 delil dosyas\u0131n\u0131 ortak kaynak olarak kulland\u0131\u011f\u0131 a\u00e7\u0131k cevap\/do\u011frulama serisidir; ba\u011f\u0131ms\u0131z kaynak \u00e7o\u011fullu\u011fu iddias\u0131 ta\u015f\u0131mamaktad\u0131r.<\/p>\n","protected":false},"excerpt":{"rendered":"<p>WhatsApp zinciri, gelece\u011fin haber do\u011frulamas\u0131nda iki ayr\u0131 standard\u0131 hat\u0131rlat\u0131yor: kurum ad\u0131na konu\u015fma iddias\u0131 belgeyle, koordineli da\u011f\u0131t\u0131m iddias\u0131 teknik kay\u0131tla s\u0131nanmal\u0131.<\/p>\n","protected":false},"author":1,"featured_media":0,"comment_status":"closed","ping_status":"closed","sticky":true,"template":"","format":"standard","meta":{"footnotes":""},"categories":[35,36,31,20,1],"tags":[],"class_list":["post-3194","post","type-post","status-publish","format-standard","hentry","category-cevre","category-egitim","category-halk-sagligi","category-piyasalar","category-uncategorized"],"blocksy_meta":{"styles_descriptor":{"styles":{"desktop":"","tablet":"","mobile":""},"google_fonts":[],"version":7}},"_links":{"self":[{"href":"https:\/\/mansetufku.com\/index.php\/wp-json\/wp\/v2\/posts\/3194","targetHints":{"allow":["GET"]}}],"collection":[{"href":"https:\/\/mansetufku.com\/index.php\/wp-json\/wp\/v2\/posts"}],"about":[{"href":"https:\/\/mansetufku.com\/index.php\/wp-json\/wp\/v2\/types\/post"}],"author":[{"embeddable":true,"href":"https:\/\/mansetufku.com\/index.php\/wp-json\/wp\/v2\/users\/1"}],"replies":[{"embeddable":true,"href":"https:\/\/mansetufku.com\/index.php\/wp-json\/wp\/v2\/comments?post=3194"}],"version-history":[{"count":0,"href":"https:\/\/mansetufku.com\/index.php\/wp-json\/wp\/v2\/posts\/3194\/revisions"}],"wp:attachment":[{"href":"https:\/\/mansetufku.com\/index.php\/wp-json\/wp\/v2\/media?parent=3194"}],"wp:term":[{"taxonomy":"category","embeddable":true,"href":"https:\/\/mansetufku.com\/index.php\/wp-json\/wp\/v2\/categories?post=3194"},{"taxonomy":"post_tag","embeddable":true,"href":"https:\/\/mansetufku.com\/index.php\/wp-json\/wp\/v2\/tags?post=3194"}],"curies":[{"name":"wp","href":"https:\/\/api.w.org\/{rel}","templated":true}]}}