{"id":3045,"date":"2026-09-04T10:05:33","date_gmt":"2026-09-04T07:05:33","guid":{"rendered":"https:\/\/mansetufku.com\/index.php\/bmden-son-bin-yilin-en-guclu-el-nino-uyarisi-2027-tarihin-en-sicak-yili-olabilir\/"},"modified":"2026-09-04T10:05:33","modified_gmt":"2026-09-04T07:05:33","slug":"bmden-son-bin-yilin-en-guclu-el-nino-uyarisi-2027-tarihin-en-sicak-yili-olabilir","status":"publish","type":"post","link":"https:\/\/mansetufku.com\/index.php\/bmden-son-bin-yilin-en-guclu-el-nino-uyarisi-2027-tarihin-en-sicak-yili-olabilir\/","title":{"rendered":"BM&#039;den son bin y\u0131l\u0131n en g\u00fc\u00e7l\u00fc El Nino uyar\u0131s\u0131: 2027 tarihin en s\u0131cak y\u0131l\u0131 olabilir"},"content":{"rendered":"<p>Birle\u015fmi\u015f Milletler, El Nino hava olay\u0131n\u0131n tarihte e\u015fi benzeri g\u00f6r\u00fclmemi\u015f bir h\u0131zla b\u00fcy\u00fcd\u00fc\u011f\u00fcn\u00fc belirterek k\u00fcresel s\u0131cakl\u0131k rekorlar\u0131n\u0131n k\u0131r\u0131laca\u011f\u0131 uyar\u0131s\u0131nda bulundu. Son bin y\u0131l\u0131n en b\u00fcy\u00fc\u011f\u00fc olmas\u0131 beklenen do\u011fa olay\u0131n\u0131n k\u00fcresel \u0131s\u0131nmayla birle\u015fmesi sonucu 2027 y\u0131l\u0131n\u0131n insanl\u0131k tarihinin en s\u0131cak y\u0131l\u0131 olaca\u011f\u0131 tahmin ediliyor.<\/p>\n<p><strong>Kaynak:<\/strong> TRT Haber \u2014 <a href=\"https:\/\/www.trthaber.com\/haber\/dunya\/bmden-son-bin-yilin-en-guclu-el-nino-uyarisi-2027-tarihin-en-sicak-yili-olabilir-955836.html\" target=\"_blank\" rel=\"nofollow noopener\">Haberin devam\u0131n\u0131 \u00f6zg\u00fcn kayna\u011f\u0131nda oku<\/a><\/p>\n","protected":false},"excerpt":{"rendered":"<p>Birle\u015fmi\u015f Milletler, El Nino hava olay\u0131n\u0131n tarihte e\u015fi benzeri g\u00f6r\u00fclmemi\u015f bir h\u0131zla b\u00fcy\u00fcd\u00fc\u011f\u00fcn\u00fc belirterek k\u00fcresel s\u0131cakl\u0131k rekorlar\u0131n\u0131n k\u0131r\u0131laca\u011f\u0131 uyar\u0131s\u0131nda bulundu. Son bin y\u0131l\u0131n en b\u00fcy\u00fc\u011f\u00fc olmas\u0131 beklenen do\u011fa olay\u0131n\u0131n k\u00fcresel \u0131s\u0131nmayla birle\u015fmesi\u2026<\/p>\n","protected":false},"author":0,"featured_media":3046,"comment_status":"closed","ping_status":"closed","sticky":false,"template":"","format":"standard","meta":{"footnotes":""},"categories":[35,12,5],"tags":[],"class_list":["post-3045","post","type-post","status-publish","format-standard","has-post-thumbnail","hentry","category-cevre","category-diplomasi","category-dunya"],"blocksy_meta":{"styles_descriptor":{"styles":{"desktop":"","tablet":"","mobile":""},"google_fonts":[],"version":7}},"_links":{"self":[{"href":"https:\/\/mansetufku.com\/index.php\/wp-json\/wp\/v2\/posts\/3045","targetHints":{"allow":["GET"]}}],"collection":[{"href":"https:\/\/mansetufku.com\/index.php\/wp-json\/wp\/v2\/posts"}],"about":[{"href":"https:\/\/mansetufku.com\/index.php\/wp-json\/wp\/v2\/types\/post"}],"replies":[{"embeddable":true,"href":"https:\/\/mansetufku.com\/index.php\/wp-json\/wp\/v2\/comments?post=3045"}],"version-history":[{"count":0,"href":"https:\/\/mansetufku.com\/index.php\/wp-json\/wp\/v2\/posts\/3045\/revisions"}],"wp:featuredmedia":[{"embeddable":true,"href":"https:\/\/mansetufku.com\/index.php\/wp-json\/wp\/v2\/media\/3046"}],"wp:attachment":[{"href":"https:\/\/mansetufku.com\/index.php\/wp-json\/wp\/v2\/media?parent=3045"}],"wp:term":[{"taxonomy":"category","embeddable":true,"href":"https:\/\/mansetufku.com\/index.php\/wp-json\/wp\/v2\/categories?post=3045"},{"taxonomy":"post_tag","embeddable":true,"href":"https:\/\/mansetufku.com\/index.php\/wp-json\/wp\/v2\/tags?post=3045"}],"curies":[{"name":"wp","href":"https:\/\/api.w.org\/{rel}","templated":true}]}}