{"id":3041,"date":"2026-09-04T09:07:15","date_gmt":"2026-09-04T06:07:15","guid":{"rendered":"https:\/\/mansetufku.com\/index.php\/turkiye-ekonomisinin-20272029-rotasi-pazar-gunu-aciklanacak\/"},"modified":"2026-09-04T09:07:15","modified_gmt":"2026-09-04T06:07:15","slug":"turkiye-ekonomisinin-20272029-rotasi-pazar-gunu-aciklanacak","status":"publish","type":"post","link":"https:\/\/mansetufku.com\/index.php\/turkiye-ekonomisinin-20272029-rotasi-pazar-gunu-aciklanacak\/","title":{"rendered":"T\u00fcrkiye ekonomisinin 20272029 rotas\u0131 pazar g\u00fcn\u00fc a\u00e7\u0131klanacak"},"content":{"rendered":"<p>T\u00fcrkiye ekonomisinin rotas\u0131n\u0131 \u00e7izen yeni Orta Vadeli Program&#039;\u0131n (OVP) pazar g\u00fcn\u00fc kamuoyuna duyurulmas\u0131yla fiyat istikrar\u0131ndan b\u00fcy\u00fcmeye, istihdamdan finansa kadar \u00e7e\u015fitli konularda hedefler belli olacak.<\/p>\n<p><strong>Kaynak:<\/strong> TRT Haber \u2014 <a href=\"https:\/\/www.trthaber.com\/haber\/gundem\/turkiye-ekonomisinin-2027-2029-rotasi-pazar-gunu-aciklanacak-955845.html\" target=\"_blank\" rel=\"nofollow noopener\">Haberin devam\u0131n\u0131 \u00f6zg\u00fcn kayna\u011f\u0131nda oku<\/a><\/p>\n","protected":false},"excerpt":{"rendered":"<p>T\u00fcrkiye ekonomisinin rotas\u0131n\u0131 \u00e7izen yeni Orta Vadeli Program&#8217;\u0131n (OVP) pazar g\u00fcn\u00fc kamuoyuna duyurulmas\u0131yla fiyat istikrar\u0131ndan b\u00fcy\u00fcmeye, istihdamdan finansa kadar \u00e7e\u015fitli konularda hedefler belli olacak.<\/p>\n","protected":false},"author":0,"featured_media":3042,"comment_status":"closed","ping_status":"closed","sticky":false,"template":"","format":"standard","meta":{"footnotes":""},"categories":[2],"tags":[],"class_list":["post-3041","post","type-post","status-publish","format-standard","has-post-thumbnail","hentry","category-gundem"],"blocksy_meta":{"styles_descriptor":{"styles":{"desktop":"","tablet":"","mobile":""},"google_fonts":[],"version":7}},"_links":{"self":[{"href":"https:\/\/mansetufku.com\/index.php\/wp-json\/wp\/v2\/posts\/3041","targetHints":{"allow":["GET"]}}],"collection":[{"href":"https:\/\/mansetufku.com\/index.php\/wp-json\/wp\/v2\/posts"}],"about":[{"href":"https:\/\/mansetufku.com\/index.php\/wp-json\/wp\/v2\/types\/post"}],"replies":[{"embeddable":true,"href":"https:\/\/mansetufku.com\/index.php\/wp-json\/wp\/v2\/comments?post=3041"}],"version-history":[{"count":0,"href":"https:\/\/mansetufku.com\/index.php\/wp-json\/wp\/v2\/posts\/3041\/revisions"}],"wp:featuredmedia":[{"embeddable":true,"href":"https:\/\/mansetufku.com\/index.php\/wp-json\/wp\/v2\/media\/3042"}],"wp:attachment":[{"href":"https:\/\/mansetufku.com\/index.php\/wp-json\/wp\/v2\/media?parent=3041"}],"wp:term":[{"taxonomy":"category","embeddable":true,"href":"https:\/\/mansetufku.com\/index.php\/wp-json\/wp\/v2\/categories?post=3041"},{"taxonomy":"post_tag","embeddable":true,"href":"https:\/\/mansetufku.com\/index.php\/wp-json\/wp\/v2\/tags?post=3041"}],"curies":[{"name":"wp","href":"https:\/\/api.w.org\/{rel}","templated":true}]}}