{"id":2987,"date":"2026-09-04T00:02:53","date_gmt":"2026-09-03T21:02:53","guid":{"rendered":"https:\/\/mansetufku.com\/index.php\/alsu-gemisinde-gorevli-9-supheliden-6si-adliyeye-sevk-edildi\/"},"modified":"2026-09-04T00:02:53","modified_gmt":"2026-09-03T21:02:53","slug":"alsu-gemisinde-gorevli-9-supheliden-6si-adliyeye-sevk-edildi","status":"publish","type":"post","link":"https:\/\/mansetufku.com\/index.php\/alsu-gemisinde-gorevli-9-supheliden-6si-adliyeye-sevk-edildi\/","title":{"rendered":"&#039;Alsu&#039; gemisinde g\u00f6revli 9 \u015f\u00fcpheliden 6&#039;s\u0131 adliyeye sevk edildi"},"content":{"rendered":"<p>Silivri a\u00e7\u0131klar\u0131nda iki T\u00fcrk bayrakl\u0131 ticari geminin \u00e7arp\u0131\u015ft\u0131\u011f\u0131 kazaya ili\u015fkin Alsu gemisinde g\u00f6zalt\u0131na al\u0131nan 9 \u015f\u00fcpheliden 6&#039;s\u0131 adliyeye sevk edildi.<\/p>\n<p><strong>Kaynak:<\/strong> TRT Haber \u2014 <a href=\"https:\/\/www.trthaber.com\/haber\/gundem\/alsu-gemisinde-gorevli-9-supheliden-6si-adliyeye-sevk-edildi-955805.html\" target=\"_blank\" rel=\"nofollow noopener\">Haberin devam\u0131n\u0131 \u00f6zg\u00fcn kayna\u011f\u0131nda oku<\/a><\/p>\n","protected":false},"excerpt":{"rendered":"<p>Silivri a\u00e7\u0131klar\u0131nda iki T\u00fcrk bayrakl\u0131 ticari geminin \u00e7arp\u0131\u015ft\u0131\u011f\u0131 kazaya ili\u015fkin Alsu gemisinde g\u00f6zalt\u0131na al\u0131nan 9 \u015f\u00fcpheliden 6&#8217;s\u0131 adliyeye sevk edildi.<\/p>\n","protected":false},"author":0,"featured_media":2988,"comment_status":"closed","ping_status":"closed","sticky":false,"template":"","format":"standard","meta":{"footnotes":""},"categories":[2,20],"tags":[],"class_list":["post-2987","post","type-post","status-publish","format-standard","has-post-thumbnail","hentry","category-gundem","category-piyasalar"],"blocksy_meta":{"styles_descriptor":{"styles":{"desktop":"","tablet":"","mobile":""},"google_fonts":[],"version":7}},"_links":{"self":[{"href":"https:\/\/mansetufku.com\/index.php\/wp-json\/wp\/v2\/posts\/2987","targetHints":{"allow":["GET"]}}],"collection":[{"href":"https:\/\/mansetufku.com\/index.php\/wp-json\/wp\/v2\/posts"}],"about":[{"href":"https:\/\/mansetufku.com\/index.php\/wp-json\/wp\/v2\/types\/post"}],"replies":[{"embeddable":true,"href":"https:\/\/mansetufku.com\/index.php\/wp-json\/wp\/v2\/comments?post=2987"}],"version-history":[{"count":0,"href":"https:\/\/mansetufku.com\/index.php\/wp-json\/wp\/v2\/posts\/2987\/revisions"}],"wp:featuredmedia":[{"embeddable":true,"href":"https:\/\/mansetufku.com\/index.php\/wp-json\/wp\/v2\/media\/2988"}],"wp:attachment":[{"href":"https:\/\/mansetufku.com\/index.php\/wp-json\/wp\/v2\/media?parent=2987"}],"wp:term":[{"taxonomy":"category","embeddable":true,"href":"https:\/\/mansetufku.com\/index.php\/wp-json\/wp\/v2\/categories?post=2987"},{"taxonomy":"post_tag","embeddable":true,"href":"https:\/\/mansetufku.com\/index.php\/wp-json\/wp\/v2\/tags?post=2987"}],"curies":[{"name":"wp","href":"https:\/\/api.w.org\/{rel}","templated":true}]}}