{"id":2925,"date":"2026-09-03T19:02:14","date_gmt":"2026-09-03T16:02:14","guid":{"rendered":"https:\/\/mansetufku.com\/index.php\/belcikada-sicak-hava-dalgalarinda-beklenenden-2-bin-935-daha-fazla-olum-kaydedildi\/"},"modified":"2026-09-03T19:02:14","modified_gmt":"2026-09-03T16:02:14","slug":"belcikada-sicak-hava-dalgalarinda-beklenenden-2-bin-935-daha-fazla-olum-kaydedildi","status":"publish","type":"post","link":"https:\/\/mansetufku.com\/index.php\/belcikada-sicak-hava-dalgalarinda-beklenenden-2-bin-935-daha-fazla-olum-kaydedildi\/","title":{"rendered":"Bel\u00e7ika&#039;da s\u0131cak hava dalgalar\u0131nda beklenenden 2 bin 935 daha fazla \u00f6l\u00fcm kaydedildi"},"content":{"rendered":"<p>Bel\u00e7ika&#039;da yaz aylar\u0131nda etkili olan s\u0131cak hava dalgalar\u0131 s\u0131ras\u0131nda beklenenden 2 bin 935 daha fazla \u00f6l\u00fcm kay\u0131tlara ge\u00e7ti.<\/p>\n<p><strong>Kaynak:<\/strong> TRT Haber \u2014 <a href=\"https:\/\/www.trthaber.com\/haber\/dunya\/belcikada-sicak-hava-dalgalarinda-beklenenden-2-bin-935-daha-fazla-olum-kaydedildi-955815.html\" target=\"_blank\" rel=\"nofollow noopener\">Haberin devam\u0131n\u0131 \u00f6zg\u00fcn kayna\u011f\u0131nda oku<\/a><\/p>\n","protected":false},"excerpt":{"rendered":"<p>Bel\u00e7ika&#8217;da yaz aylar\u0131nda etkili olan s\u0131cak hava dalgalar\u0131 s\u0131ras\u0131nda beklenenden 2 bin 935 daha fazla \u00f6l\u00fcm kay\u0131tlara ge\u00e7ti.<\/p>\n","protected":false},"author":0,"featured_media":2926,"comment_status":"closed","ping_status":"closed","sticky":false,"template":"","format":"standard","meta":{"footnotes":""},"categories":[5],"tags":[],"class_list":["post-2925","post","type-post","status-publish","format-standard","has-post-thumbnail","hentry","category-dunya"],"blocksy_meta":{"styles_descriptor":{"styles":{"desktop":"","tablet":"","mobile":""},"google_fonts":[],"version":7}},"_links":{"self":[{"href":"https:\/\/mansetufku.com\/index.php\/wp-json\/wp\/v2\/posts\/2925","targetHints":{"allow":["GET"]}}],"collection":[{"href":"https:\/\/mansetufku.com\/index.php\/wp-json\/wp\/v2\/posts"}],"about":[{"href":"https:\/\/mansetufku.com\/index.php\/wp-json\/wp\/v2\/types\/post"}],"replies":[{"embeddable":true,"href":"https:\/\/mansetufku.com\/index.php\/wp-json\/wp\/v2\/comments?post=2925"}],"version-history":[{"count":0,"href":"https:\/\/mansetufku.com\/index.php\/wp-json\/wp\/v2\/posts\/2925\/revisions"}],"wp:featuredmedia":[{"embeddable":true,"href":"https:\/\/mansetufku.com\/index.php\/wp-json\/wp\/v2\/media\/2926"}],"wp:attachment":[{"href":"https:\/\/mansetufku.com\/index.php\/wp-json\/wp\/v2\/media?parent=2925"}],"wp:term":[{"taxonomy":"category","embeddable":true,"href":"https:\/\/mansetufku.com\/index.php\/wp-json\/wp\/v2\/categories?post=2925"},{"taxonomy":"post_tag","embeddable":true,"href":"https:\/\/mansetufku.com\/index.php\/wp-json\/wp\/v2\/tags?post=2925"}],"curies":[{"name":"wp","href":"https:\/\/api.w.org\/{rel}","templated":true}]}}