{"id":2923,"date":"2026-09-03T19:02:13","date_gmt":"2026-09-03T16:02:13","guid":{"rendered":"https:\/\/mansetufku.com\/index.php\/sosyal-medyadan-tehdit-icerikli-paylasim-yapan-15-yasindaki-supheli-tutuklandi\/"},"modified":"2026-09-03T19:02:13","modified_gmt":"2026-09-03T16:02:13","slug":"sosyal-medyadan-tehdit-icerikli-paylasim-yapan-15-yasindaki-supheli-tutuklandi","status":"publish","type":"post","link":"https:\/\/mansetufku.com\/index.php\/sosyal-medyadan-tehdit-icerikli-paylasim-yapan-15-yasindaki-supheli-tutuklandi\/","title":{"rendered":"Sosyal medyadan tehdit i\u00e7erikli payla\u015f\u0131m yapan 15 ya\u015f\u0131ndaki \u015f\u00fcpheli tutukland\u0131"},"content":{"rendered":"<p>\u0130stanbul&#039;da sosyal medyadan tehdit i\u00e7erikli payla\u015f\u0131m yapt\u0131\u011f\u0131 belirlenen 15 ya\u015f\u0131ndaki \u015f\u00fcpheli tutukland\u0131.<\/p>\n<p><strong>Kaynak:<\/strong> TRT Haber \u2014 <a href=\"https:\/\/www.trthaber.com\/haber\/turkiye\/sosyal-medyadan-tehdit-icerikli-paylasim-yapan-15-yasindaki-supheli-tutuklandi-955814.html\" target=\"_blank\" rel=\"nofollow noopener\">Haberin devam\u0131n\u0131 \u00f6zg\u00fcn kayna\u011f\u0131nda oku<\/a><\/p>\n","protected":false},"excerpt":{"rendered":"<p>\u0130stanbul&#8217;da sosyal medyadan tehdit i\u00e7erikli payla\u015f\u0131m yapt\u0131\u011f\u0131 belirlenen 15 ya\u015f\u0131ndaki \u015f\u00fcpheli tutukland\u0131.<\/p>\n","protected":false},"author":0,"featured_media":2924,"comment_status":"closed","ping_status":"closed","sticky":false,"template":"","format":"standard","meta":{"footnotes":""},"categories":[31,4],"tags":[],"class_list":["post-2923","post","type-post","status-publish","format-standard","has-post-thumbnail","hentry","category-halk-sagligi","category-turkiye"],"blocksy_meta":{"styles_descriptor":{"styles":{"desktop":"","tablet":"","mobile":""},"google_fonts":[],"version":7}},"_links":{"self":[{"href":"https:\/\/mansetufku.com\/index.php\/wp-json\/wp\/v2\/posts\/2923","targetHints":{"allow":["GET"]}}],"collection":[{"href":"https:\/\/mansetufku.com\/index.php\/wp-json\/wp\/v2\/posts"}],"about":[{"href":"https:\/\/mansetufku.com\/index.php\/wp-json\/wp\/v2\/types\/post"}],"replies":[{"embeddable":true,"href":"https:\/\/mansetufku.com\/index.php\/wp-json\/wp\/v2\/comments?post=2923"}],"version-history":[{"count":0,"href":"https:\/\/mansetufku.com\/index.php\/wp-json\/wp\/v2\/posts\/2923\/revisions"}],"wp:featuredmedia":[{"embeddable":true,"href":"https:\/\/mansetufku.com\/index.php\/wp-json\/wp\/v2\/media\/2924"}],"wp:attachment":[{"href":"https:\/\/mansetufku.com\/index.php\/wp-json\/wp\/v2\/media?parent=2923"}],"wp:term":[{"taxonomy":"category","embeddable":true,"href":"https:\/\/mansetufku.com\/index.php\/wp-json\/wp\/v2\/categories?post=2923"},{"taxonomy":"post_tag","embeddable":true,"href":"https:\/\/mansetufku.com\/index.php\/wp-json\/wp\/v2\/tags?post=2923"}],"curies":[{"name":"wp","href":"https:\/\/api.w.org\/{rel}","templated":true}]}}