{"id":2921,"date":"2026-09-03T19:02:11","date_gmt":"2026-09-03T16:02:11","guid":{"rendered":"https:\/\/mansetufku.com\/index.php\/bakan-ersoy-turizmi-yilin-12-ayina-yaymayi-hedefliyoruz\/"},"modified":"2026-09-03T19:02:11","modified_gmt":"2026-09-03T16:02:11","slug":"bakan-ersoy-turizmi-yilin-12-ayina-yaymayi-hedefliyoruz","status":"publish","type":"post","link":"https:\/\/mansetufku.com\/index.php\/bakan-ersoy-turizmi-yilin-12-ayina-yaymayi-hedefliyoruz\/","title":{"rendered":"Bakan Ersoy: Turizmi y\u0131l\u0131n 12 ay\u0131na yaymay\u0131 hedefliyoruz"},"content":{"rendered":"<p>K\u00fclt\u00fcr ve Turizm Bakan\u0131 Mehmet Nuri Ersoy, \u201cTemel hedefimiz; turizmi \u00fclkemizin 81 iline ve y\u0131l\u0131n 12 ay\u0131na yaymak, \u00fcr\u00fcn \u00e7e\u015fitlili\u011fimizi art\u0131rmak, ziyaret\u00e7ilerimizin \u00fclkemizde daha uzun s\u00fcre kalmas\u0131n\u0131 sa\u011flamak ve turizmin olu\u015fturdu\u011fu ekonomik ve sosyal de\u011ferden \u015fehirlerimizin \u00e7ok daha fazla pay almas\u0131n\u0131 temin etmektir\u201d dedi.<\/p>\n<p><strong>Kaynak:<\/strong> TRT Haber \u2014 <a href=\"https:\/\/www.trthaber.com\/haber\/ekonomi\/bakan-ersoy-turizmi-yilin-12-ayina-yaymayi-hedefliyoruz-955789.html\" target=\"_blank\" rel=\"nofollow noopener\">Haberin devam\u0131n\u0131 \u00f6zg\u00fcn kayna\u011f\u0131nda oku<\/a><\/p>\n","protected":false},"excerpt":{"rendered":"<p>K\u00fclt\u00fcr ve Turizm Bakan\u0131 Mehmet Nuri Ersoy, \u201cTemel hedefimiz; turizmi \u00fclkemizin 81 iline ve y\u0131l\u0131n 12 ay\u0131na yaymak, \u00fcr\u00fcn \u00e7e\u015fitlili\u011fimizi art\u0131rmak, ziyaret\u00e7ilerimizin \u00fclkemizde daha uzun s\u00fcre kalmas\u0131n\u0131 sa\u011flamak ve turizmin olu\u015fturdu\u011fu ekonomik\u2026<\/p>\n","protected":false},"author":0,"featured_media":2922,"comment_status":"closed","ping_status":"closed","sticky":false,"template":"","format":"standard","meta":{"footnotes":""},"categories":[3,37],"tags":[],"class_list":["post-2921","post","type-post","status-publish","format-standard","has-post-thumbnail","hentry","category-ekonomi","category-gezi-turizm"],"blocksy_meta":{"styles_descriptor":{"styles":{"desktop":"","tablet":"","mobile":""},"google_fonts":[],"version":7}},"_links":{"self":[{"href":"https:\/\/mansetufku.com\/index.php\/wp-json\/wp\/v2\/posts\/2921","targetHints":{"allow":["GET"]}}],"collection":[{"href":"https:\/\/mansetufku.com\/index.php\/wp-json\/wp\/v2\/posts"}],"about":[{"href":"https:\/\/mansetufku.com\/index.php\/wp-json\/wp\/v2\/types\/post"}],"replies":[{"embeddable":true,"href":"https:\/\/mansetufku.com\/index.php\/wp-json\/wp\/v2\/comments?post=2921"}],"version-history":[{"count":0,"href":"https:\/\/mansetufku.com\/index.php\/wp-json\/wp\/v2\/posts\/2921\/revisions"}],"wp:featuredmedia":[{"embeddable":true,"href":"https:\/\/mansetufku.com\/index.php\/wp-json\/wp\/v2\/media\/2922"}],"wp:attachment":[{"href":"https:\/\/mansetufku.com\/index.php\/wp-json\/wp\/v2\/media?parent=2921"}],"wp:term":[{"taxonomy":"category","embeddable":true,"href":"https:\/\/mansetufku.com\/index.php\/wp-json\/wp\/v2\/categories?post=2921"},{"taxonomy":"post_tag","embeddable":true,"href":"https:\/\/mansetufku.com\/index.php\/wp-json\/wp\/v2\/tags?post=2921"}],"curies":[{"name":"wp","href":"https:\/\/api.w.org\/{rel}","templated":true}]}}