{"id":2915,"date":"2026-09-03T14:03:19","date_gmt":"2026-09-03T11:03:19","guid":{"rendered":"https:\/\/mansetufku.com\/index.php\/guterres-abd-ile-iran-arasindaki-saldirilardan-dolayi-son-derece-endise-duydugunu-acikladi\/"},"modified":"2026-09-03T14:03:19","modified_gmt":"2026-09-03T11:03:19","slug":"guterres-abd-ile-iran-arasindaki-saldirilardan-dolayi-son-derece-endise-duydugunu-acikladi","status":"publish","type":"post","link":"https:\/\/mansetufku.com\/index.php\/guterres-abd-ile-iran-arasindaki-saldirilardan-dolayi-son-derece-endise-duydugunu-acikladi\/","title":{"rendered":"Guterres, ABD ile \u0130ran aras\u0131ndaki sald\u0131r\u0131lardan dolay\u0131 son derece endi\u015fe duydu\u011funu a\u00e7\u0131klad\u0131"},"content":{"rendered":"<p>Birle\u015fmi\u015f Milletler (BM) Genel Sekreteri Antonio Guterres, ABD ile \u0130ran aras\u0131nda yeniden ba\u015flayan sald\u0131r\u0131lardan dolay\u0131 &quot;son derece endi\u015fe&quot; duydu\u011funu bildirdi.<\/p>\n<p><strong>Kaynak:<\/strong> TRT Haber \u2014 <a href=\"https:\/\/www.trthaber.com\/haber\/dunya\/guterres-abd-ile-iran-arasindaki-saldirilardan-dolayi-son-derece-endise-duydugunu-acikladi-955719.html\" target=\"_blank\" rel=\"nofollow noopener\">Haberin devam\u0131n\u0131 \u00f6zg\u00fcn kayna\u011f\u0131nda oku<\/a><\/p>\n","protected":false},"excerpt":{"rendered":"<p>Birle\u015fmi\u015f Milletler (BM) Genel Sekreteri Antonio Guterres, ABD ile \u0130ran aras\u0131nda yeniden ba\u015flayan sald\u0131r\u0131lardan dolay\u0131 &#8220;son derece endi\u015fe&#8221; duydu\u011funu bildirdi.<\/p>\n","protected":false},"author":0,"featured_media":2916,"comment_status":"closed","ping_status":"closed","sticky":false,"template":"","format":"standard","meta":{"footnotes":""},"categories":[12,5],"tags":[],"class_list":["post-2915","post","type-post","status-publish","format-standard","has-post-thumbnail","hentry","category-diplomasi","category-dunya"],"blocksy_meta":{"styles_descriptor":{"styles":{"desktop":"","tablet":"","mobile":""},"google_fonts":[],"version":7}},"_links":{"self":[{"href":"https:\/\/mansetufku.com\/index.php\/wp-json\/wp\/v2\/posts\/2915","targetHints":{"allow":["GET"]}}],"collection":[{"href":"https:\/\/mansetufku.com\/index.php\/wp-json\/wp\/v2\/posts"}],"about":[{"href":"https:\/\/mansetufku.com\/index.php\/wp-json\/wp\/v2\/types\/post"}],"replies":[{"embeddable":true,"href":"https:\/\/mansetufku.com\/index.php\/wp-json\/wp\/v2\/comments?post=2915"}],"version-history":[{"count":0,"href":"https:\/\/mansetufku.com\/index.php\/wp-json\/wp\/v2\/posts\/2915\/revisions"}],"wp:featuredmedia":[{"embeddable":true,"href":"https:\/\/mansetufku.com\/index.php\/wp-json\/wp\/v2\/media\/2916"}],"wp:attachment":[{"href":"https:\/\/mansetufku.com\/index.php\/wp-json\/wp\/v2\/media?parent=2915"}],"wp:term":[{"taxonomy":"category","embeddable":true,"href":"https:\/\/mansetufku.com\/index.php\/wp-json\/wp\/v2\/categories?post=2915"},{"taxonomy":"post_tag","embeddable":true,"href":"https:\/\/mansetufku.com\/index.php\/wp-json\/wp\/v2\/tags?post=2915"}],"curies":[{"name":"wp","href":"https:\/\/api.w.org\/{rel}","templated":true}]}}