{"id":2819,"date":"2026-09-02T21:04:16","date_gmt":"2026-09-02T18:04:16","guid":{"rendered":"https:\/\/mansetufku.com\/index.php\/eylulde-okullarda-sifir-atik-temali-programlar-duzenlenecek\/"},"modified":"2026-09-02T21:04:16","modified_gmt":"2026-09-02T18:04:16","slug":"eylulde-okullarda-sifir-atik-temali-programlar-duzenlenecek","status":"publish","type":"post","link":"https:\/\/mansetufku.com\/index.php\/eylulde-okullarda-sifir-atik-temali-programlar-duzenlenecek\/","title":{"rendered":"Eyl\u00fclde okullarda S\u0131f\u0131r At\u0131k temal\u0131 programlar d\u00fczenlenecek"},"content":{"rendered":"<p>\u00c7evre, \u015eehircilik ve \u0130klim De\u011fi\u015fikli\u011fi Bakan\u0131 Murat Kurum, eyl\u00fcl ay\u0131nda okullarda s\u0131f\u0131r at\u0131k temas\u0131yla programlar d\u00fczenlenece\u011fini a\u00e7\u0131klad\u0131.<\/p>\n<p><strong>Kaynak:<\/strong> TRT Haber \u2014 <a href=\"https:\/\/www.trthaber.com\/haber\/egitim\/eylulde-okullarda-sifir-atik-temali-programlar-duzenlenecek-955661.html\" target=\"_blank\" rel=\"nofollow noopener\">Haberin devam\u0131n\u0131 \u00f6zg\u00fcn kayna\u011f\u0131nda oku<\/a><\/p>\n","protected":false},"excerpt":{"rendered":"<p>\u00c7evre, \u015eehircilik ve \u0130klim De\u011fi\u015fikli\u011fi Bakan\u0131 Murat Kurum, eyl\u00fcl ay\u0131nda okullarda s\u0131f\u0131r at\u0131k temas\u0131yla programlar d\u00fczenlenece\u011fini a\u00e7\u0131klad\u0131.<\/p>\n","protected":false},"author":0,"featured_media":2820,"comment_status":"closed","ping_status":"closed","sticky":false,"template":"","format":"standard","meta":{"footnotes":""},"categories":[35,36,20],"tags":[],"class_list":["post-2819","post","type-post","status-publish","format-standard","has-post-thumbnail","hentry","category-cevre","category-egitim","category-piyasalar"],"blocksy_meta":{"styles_descriptor":{"styles":{"desktop":"","tablet":"","mobile":""},"google_fonts":[],"version":7}},"_links":{"self":[{"href":"https:\/\/mansetufku.com\/index.php\/wp-json\/wp\/v2\/posts\/2819","targetHints":{"allow":["GET"]}}],"collection":[{"href":"https:\/\/mansetufku.com\/index.php\/wp-json\/wp\/v2\/posts"}],"about":[{"href":"https:\/\/mansetufku.com\/index.php\/wp-json\/wp\/v2\/types\/post"}],"replies":[{"embeddable":true,"href":"https:\/\/mansetufku.com\/index.php\/wp-json\/wp\/v2\/comments?post=2819"}],"version-history":[{"count":0,"href":"https:\/\/mansetufku.com\/index.php\/wp-json\/wp\/v2\/posts\/2819\/revisions"}],"wp:featuredmedia":[{"embeddable":true,"href":"https:\/\/mansetufku.com\/index.php\/wp-json\/wp\/v2\/media\/2820"}],"wp:attachment":[{"href":"https:\/\/mansetufku.com\/index.php\/wp-json\/wp\/v2\/media?parent=2819"}],"wp:term":[{"taxonomy":"category","embeddable":true,"href":"https:\/\/mansetufku.com\/index.php\/wp-json\/wp\/v2\/categories?post=2819"},{"taxonomy":"post_tag","embeddable":true,"href":"https:\/\/mansetufku.com\/index.php\/wp-json\/wp\/v2\/tags?post=2819"}],"curies":[{"name":"wp","href":"https:\/\/api.w.org\/{rel}","templated":true}]}}