{"id":2623,"date":"2026-09-01T16:02:38","date_gmt":"2026-09-01T13:02:38","guid":{"rendered":"https:\/\/mansetufku.com\/index.php\/canakkale-kultur-yolu-festivali-devam-ediyor\/"},"modified":"2026-09-01T16:02:38","modified_gmt":"2026-09-01T13:02:38","slug":"canakkale-kultur-yolu-festivali-devam-ediyor","status":"publish","type":"post","link":"https:\/\/mansetufku.com\/index.php\/canakkale-kultur-yolu-festivali-devam-ediyor\/","title":{"rendered":"\u00c7anakkale K\u00fclt\u00fcr Yolu Festivali devam ediyor"},"content":{"rendered":"<p>K\u00fclt\u00fcr ve Turizm Bakanl\u0131\u011f\u0131nca d\u00fczenlenen \u00c7anakkale K\u00fclt\u00fcr Yolu Festivali \u00e7e\u015fitli etkinliklerle devam ediyor. Festivalin 3. g\u00fcn\u00fcnde kat\u0131l\u0131mc\u0131lar, Assos&#039;un tarihi ve k\u00fclt\u00fcrel miras\u0131n\u0131 ke\u015ffederken, \u00e7ocuklar da \u00e7e\u015fitli sanat, e\u011fitim ve sinema etkinlikleriyle bulu\u015ftu.<\/p>\n<p><strong>Kaynak:<\/strong> TRT Haber \u2014 <a href=\"https:\/\/www.trthaber.com\/haber\/kultur-sanat\/canakkale-kultur-yolu-festivali-devam-ediyor-955564.html\" target=\"_blank\" rel=\"nofollow noopener\">Haberin devam\u0131n\u0131 \u00f6zg\u00fcn kayna\u011f\u0131nda oku<\/a><\/p>\n","protected":false},"excerpt":{"rendered":"<p>K\u00fclt\u00fcr ve Turizm Bakanl\u0131\u011f\u0131nca d\u00fczenlenen \u00c7anakkale K\u00fclt\u00fcr Yolu Festivali \u00e7e\u015fitli etkinliklerle devam ediyor. Festivalin 3. g\u00fcn\u00fcnde kat\u0131l\u0131mc\u0131lar, Assos&#8217;un tarihi ve k\u00fclt\u00fcrel miras\u0131n\u0131 ke\u015ffederken, \u00e7ocuklar da \u00e7e\u015fitli sanat, e\u011fitim ve sinema etkinlikleriyle bulu\u015ftu.<\/p>\n","protected":false},"author":0,"featured_media":2624,"comment_status":"closed","ping_status":"closed","sticky":false,"template":"","format":"standard","meta":{"footnotes":""},"categories":[36,37,9,32],"tags":[],"class_list":["post-2623","post","type-post","status-publish","format-standard","has-post-thumbnail","hentry","category-egitim","category-gezi-turizm","category-kultur-sanat","category-sinema"],"blocksy_meta":{"styles_descriptor":{"styles":{"desktop":"","tablet":"","mobile":""},"google_fonts":[],"version":7}},"_links":{"self":[{"href":"https:\/\/mansetufku.com\/index.php\/wp-json\/wp\/v2\/posts\/2623","targetHints":{"allow":["GET"]}}],"collection":[{"href":"https:\/\/mansetufku.com\/index.php\/wp-json\/wp\/v2\/posts"}],"about":[{"href":"https:\/\/mansetufku.com\/index.php\/wp-json\/wp\/v2\/types\/post"}],"replies":[{"embeddable":true,"href":"https:\/\/mansetufku.com\/index.php\/wp-json\/wp\/v2\/comments?post=2623"}],"version-history":[{"count":0,"href":"https:\/\/mansetufku.com\/index.php\/wp-json\/wp\/v2\/posts\/2623\/revisions"}],"wp:featuredmedia":[{"embeddable":true,"href":"https:\/\/mansetufku.com\/index.php\/wp-json\/wp\/v2\/media\/2624"}],"wp:attachment":[{"href":"https:\/\/mansetufku.com\/index.php\/wp-json\/wp\/v2\/media?parent=2623"}],"wp:term":[{"taxonomy":"category","embeddable":true,"href":"https:\/\/mansetufku.com\/index.php\/wp-json\/wp\/v2\/categories?post=2623"},{"taxonomy":"post_tag","embeddable":true,"href":"https:\/\/mansetufku.com\/index.php\/wp-json\/wp\/v2\/tags?post=2623"}],"curies":[{"name":"wp","href":"https:\/\/api.w.org\/{rel}","templated":true}]}}