{"id":2559,"date":"2026-08-31T22:02:54","date_gmt":"2026-08-31T19:02:54","guid":{"rendered":"https:\/\/mansetufku.com\/index.php\/yeni-adli-yil-yarin-basliyor\/"},"modified":"2026-08-31T22:02:54","modified_gmt":"2026-08-31T19:02:54","slug":"yeni-adli-yil-yarin-basliyor","status":"publish","type":"post","link":"https:\/\/mansetufku.com\/index.php\/yeni-adli-yil-yarin-basliyor\/","title":{"rendered":"Yeni adli y\u0131l yar\u0131n ba\u015fl\u0131yor"},"content":{"rendered":"<p>Yarg\u0131da &quot;toplu izin kullan\u0131m\u0131&quot; anlam\u0131na gelen ve 20 Temmuz&#039;da ba\u015flayan adli tatil sona erdi, 2026-2027 adli y\u0131l\u0131 yar\u0131n ba\u015fl\u0131yor. Adliyelerde ve y\u00fcksek yarg\u0131 organlar\u0131nda yeni d\u00f6nemin ba\u015flamas\u0131yla birlikte kamuoyunun yak\u0131ndan takip etti\u011fi \u00e7ok say\u0131da dava yeniden g\u00fcndeme gelecek.<\/p>\n<p><strong>Kaynak:<\/strong> TRT Haber \u2014 <a href=\"https:\/\/www.trthaber.com\/haber\/gundem\/yeni-adli-yil-yarin-basliyor-955437.html\" target=\"_blank\" rel=\"nofollow noopener\">Haberin devam\u0131n\u0131 \u00f6zg\u00fcn kayna\u011f\u0131nda oku<\/a><\/p>\n","protected":false},"excerpt":{"rendered":"<p>Yarg\u0131da &#8220;toplu izin kullan\u0131m\u0131&#8221; anlam\u0131na gelen ve 20 Temmuz&#8217;da ba\u015flayan adli tatil sona erdi, 2026-2027 adli y\u0131l\u0131 yar\u0131n ba\u015fl\u0131yor. Adliyelerde ve y\u00fcksek yarg\u0131 organlar\u0131nda yeni d\u00f6nemin ba\u015flamas\u0131yla birlikte kamuoyunun yak\u0131ndan takip etti\u011fi\u2026<\/p>\n","protected":false},"author":0,"featured_media":2560,"comment_status":"closed","ping_status":"closed","sticky":false,"template":"","format":"standard","meta":{"footnotes":""},"categories":[37,2],"tags":[],"class_list":["post-2559","post","type-post","status-publish","format-standard","has-post-thumbnail","hentry","category-gezi-turizm","category-gundem"],"blocksy_meta":{"styles_descriptor":{"styles":{"desktop":"","tablet":"","mobile":""},"google_fonts":[],"version":7}},"_links":{"self":[{"href":"https:\/\/mansetufku.com\/index.php\/wp-json\/wp\/v2\/posts\/2559","targetHints":{"allow":["GET"]}}],"collection":[{"href":"https:\/\/mansetufku.com\/index.php\/wp-json\/wp\/v2\/posts"}],"about":[{"href":"https:\/\/mansetufku.com\/index.php\/wp-json\/wp\/v2\/types\/post"}],"replies":[{"embeddable":true,"href":"https:\/\/mansetufku.com\/index.php\/wp-json\/wp\/v2\/comments?post=2559"}],"version-history":[{"count":0,"href":"https:\/\/mansetufku.com\/index.php\/wp-json\/wp\/v2\/posts\/2559\/revisions"}],"wp:featuredmedia":[{"embeddable":true,"href":"https:\/\/mansetufku.com\/index.php\/wp-json\/wp\/v2\/media\/2560"}],"wp:attachment":[{"href":"https:\/\/mansetufku.com\/index.php\/wp-json\/wp\/v2\/media?parent=2559"}],"wp:term":[{"taxonomy":"category","embeddable":true,"href":"https:\/\/mansetufku.com\/index.php\/wp-json\/wp\/v2\/categories?post=2559"},{"taxonomy":"post_tag","embeddable":true,"href":"https:\/\/mansetufku.com\/index.php\/wp-json\/wp\/v2\/tags?post=2559"}],"curies":[{"name":"wp","href":"https:\/\/api.w.org\/{rel}","templated":true}]}}