{"id":2557,"date":"2026-08-31T22:02:53","date_gmt":"2026-08-31T19:02:53","guid":{"rendered":"https:\/\/mansetufku.com\/index.php\/cumhurbaskani-erdogan-kirgizistanda\/"},"modified":"2026-08-31T22:02:53","modified_gmt":"2026-08-31T19:02:53","slug":"cumhurbaskani-erdogan-kirgizistanda","status":"publish","type":"post","link":"https:\/\/mansetufku.com\/index.php\/cumhurbaskani-erdogan-kirgizistanda\/","title":{"rendered":"Cumhurba\u015fkan\u0131 Erdo\u011fan K\u0131rg\u0131zistan&#039;da"},"content":{"rendered":"<p>Cumhurba\u015fkan\u0131 Recep Tayyip Erdo\u011fan, \u015eanghay \u0130\u015f Birli\u011fi \u00d6rg\u00fct\u00fc 26&#039;nc\u0131 Devlet Ba\u015fkanlar\u0131 Zirvesi&#039;ne kat\u0131lmak \u00fczere K\u0131rg\u0131zistan&#039;\u0131n ba\u015fkenti Bi\u015fkek&#039;e gitti. Erdo\u011fan, bir\u00e7ok \u00fclkeden h\u00fck\u00fcmet ve devlet ba\u015fkanlar\u0131yla da bir araya gelecek.<\/p>\n<p><strong>Kaynak:<\/strong> TRT Haber \u2014 <a href=\"https:\/\/www.trthaber.com\/haber\/gundem\/cumhurbaskani-erdogan-kirgizistanda-955413.html\" target=\"_blank\" rel=\"nofollow noopener\">Haberin devam\u0131n\u0131 \u00f6zg\u00fcn kayna\u011f\u0131nda oku<\/a><\/p>\n","protected":false},"excerpt":{"rendered":"<p>Cumhurba\u015fkan\u0131 Recep Tayyip Erdo\u011fan, \u015eanghay \u0130\u015f Birli\u011fi \u00d6rg\u00fct\u00fc 26&#8217;nc\u0131 Devlet Ba\u015fkanlar\u0131 Zirvesi&#8217;ne kat\u0131lmak \u00fczere K\u0131rg\u0131zistan&#8217;\u0131n ba\u015fkenti Bi\u015fkek&#8217;e gitti. Erdo\u011fan, bir\u00e7ok \u00fclkeden h\u00fck\u00fcmet ve devlet ba\u015fkanlar\u0131yla da bir araya gelecek.<\/p>\n","protected":false},"author":0,"featured_media":2558,"comment_status":"closed","ping_status":"closed","sticky":false,"template":"","format":"standard","meta":{"footnotes":""},"categories":[12,2,11],"tags":[],"class_list":["post-2557","post","type-post","status-publish","format-standard","has-post-thumbnail","hentry","category-diplomasi","category-gundem","category-siyaset"],"blocksy_meta":{"styles_descriptor":{"styles":{"desktop":"","tablet":"","mobile":""},"google_fonts":[],"version":7}},"_links":{"self":[{"href":"https:\/\/mansetufku.com\/index.php\/wp-json\/wp\/v2\/posts\/2557","targetHints":{"allow":["GET"]}}],"collection":[{"href":"https:\/\/mansetufku.com\/index.php\/wp-json\/wp\/v2\/posts"}],"about":[{"href":"https:\/\/mansetufku.com\/index.php\/wp-json\/wp\/v2\/types\/post"}],"replies":[{"embeddable":true,"href":"https:\/\/mansetufku.com\/index.php\/wp-json\/wp\/v2\/comments?post=2557"}],"version-history":[{"count":0,"href":"https:\/\/mansetufku.com\/index.php\/wp-json\/wp\/v2\/posts\/2557\/revisions"}],"wp:featuredmedia":[{"embeddable":true,"href":"https:\/\/mansetufku.com\/index.php\/wp-json\/wp\/v2\/media\/2558"}],"wp:attachment":[{"href":"https:\/\/mansetufku.com\/index.php\/wp-json\/wp\/v2\/media?parent=2557"}],"wp:term":[{"taxonomy":"category","embeddable":true,"href":"https:\/\/mansetufku.com\/index.php\/wp-json\/wp\/v2\/categories?post=2557"},{"taxonomy":"post_tag","embeddable":true,"href":"https:\/\/mansetufku.com\/index.php\/wp-json\/wp\/v2\/tags?post=2557"}],"curies":[{"name":"wp","href":"https:\/\/api.w.org\/{rel}","templated":true}]}}